{"id":11155,"date":"2022-12-16T16:45:59","date_gmt":"2022-12-16T16:45:59","guid":{"rendered":"http:\/\/przedszkole8.pl\/?p=11155"},"modified":"2022-12-16T16:45:59","modified_gmt":"2022-12-16T16:45:59","slug":"swiateczny-tydzien-artystyczny-zajecia-otwarte-z-rodzicami","status":"publish","type":"post","link":"https:\/\/przedszkole8.pl\/?p=11155","title":{"rendered":"\u015awi\u0105teczny Tydzie\u0144 Artystyczny &#8211; zaj\u0119cia otwarte z rodzicami"},"content":{"rendered":"<p>Drugiego dnia \u015awi\u0105tecznego Tygodnia Artystycznego we wtorek 13 grudnia go\u015bcili\u015bmy naszych rodzic\u00f3w w przedszkolu. Odby\u0142y si\u0119 zaj\u0119cia otwarte pt. &#8222;\u015awi\u0105teczne pierniczki&#8221;. Rodzice spisali si\u0119 na medal, dostarczyli wszystkiego do pieczenia i dekorowania pierniczk\u00f3w. Za co pi\u0119knie dzi\u0119kujemy. Zw\u0142aszcza za u\u015bmiech, wsp\u00f3ln\u0105 zabaw\u0119 i rado\u015b\u0107 ogromn\u0105. Od tego dnia czujemy nastr\u00f3j i zapach nadchodz\u0105cych \u015bwi\u0105t Bo\u017cego Narodzenia.<\/p>\n<p><a href=\"https:\/\/i0.wp.com\/przedszkole8.pl\/wp-content\/uploads\/2022\/12\/IMG_20221213_144801.jpg?ssl=1\"><img data-recalc-dims=\"1\" loading=\"lazy\" decoding=\"async\" class=\"alignnone size-medium wp-image-11156\" src=\"https:\/\/i0.wp.com\/przedszkole8.pl\/wp-content\/uploads\/2022\/12\/IMG_20221213_144801-300x169.jpg?resize=300%2C169&#038;ssl=1\" alt=\"img_20221213_144801\" width=\"300\" height=\"169\" \/><\/a><a href=\"https:\/\/i0.wp.com\/przedszkole8.pl\/wp-content\/uploads\/2022\/12\/IMG_20221213_144930.jpg?ssl=1\"><img data-recalc-dims=\"1\" loading=\"lazy\" decoding=\"async\" class=\"alignnone size-medium wp-image-11159\" src=\"https:\/\/i0.wp.com\/przedszkole8.pl\/wp-content\/uploads\/2022\/12\/IMG_20221213_144930-300x169.jpg?resize=300%2C169&#038;ssl=1\" alt=\"img_20221213_144930\" width=\"300\" height=\"169\" \/><\/a><a href=\"https:\/\/i0.wp.com\/przedszkole8.pl\/wp-content\/uploads\/2022\/12\/IMG_20221213_154046.jpg?ssl=1\"><img data-recalc-dims=\"1\" loading=\"lazy\" decoding=\"async\" class=\"alignnone size-medium wp-image-11160\" src=\"https:\/\/i0.wp.com\/przedszkole8.pl\/wp-content\/uploads\/2022\/12\/IMG_20221213_154046-300x169.jpg?resize=300%2C169&#038;ssl=1\" alt=\"img_20221213_154046\" width=\"300\" height=\"169\" \/><\/a><\/p>\n","protected":false},"excerpt":{"rendered":"<p>Drugiego dnia \u015awi\u0105tecznego Tygodnia Artystycznego we wtorek 13 grudnia go\u015bcili\u015bmy naszych rodzic\u00f3w w przedszkolu. Odby\u0142y si\u0119 zaj\u0119cia otwarte pt. &#8222;\u015awi\u0105teczne pierniczki&#8221;. Rodzice spisali si\u0119 na medal, dostarczyli wszystkiego do pieczenia i dekorowania pierniczk\u00f3w. Za co pi\u0119knie dzi\u0119kujemy. Zw\u0142aszcza za u\u015bmiech, wsp\u00f3ln\u0105 zabaw\u0119 i rado\u015b\u0107 ogromn\u0105. Od tego dnia czujemy nastr\u00f3j i zapach nadchodz\u0105cych \u015bwi\u0105t Bo\u017cego<\/p>\n","protected":false},"author":20,"featured_media":0,"comment_status":"closed","ping_status":"closed","sticky":false,"template":"","format":"standard","meta":{"jetpack_post_was_ever_published":false,"_jetpack_newsletter_access":"","_jetpack_dont_email_post_to_subs":false,"_jetpack_newsletter_tier_id":0,"_jetpack_memberships_contains_paywalled_content":false,"_jetpack_memberships_contains_paid_content":false,"footnotes":"","jetpack_publicize_message":"","jetpack_publicize_feature_enabled":true,"jetpack_social_post_already_shared":true,"jetpack_social_options":{"image_generator_settings":{"template":"highway","default_image_id":0,"font":"","enabled":false},"version":2}},"categories":[40],"tags":[],"class_list":["post-11155","post","type-post","status-publish","format-standard","hentry","category-gumisie-2022-2023"],"jetpack_publicize_connections":[],"jetpack_featured_media_url":"","jetpack_sharing_enabled":true,"jetpack_shortlink":"https:\/\/wp.me\/p7NQjT-2TV","jetpack-related-posts":[],"_links":{"self":[{"href":"https:\/\/przedszkole8.pl\/index.php?rest_route=\/wp\/v2\/posts\/11155","targetHints":{"allow":["GET"]}}],"collection":[{"href":"https:\/\/przedszkole8.pl\/index.php?rest_route=\/wp\/v2\/posts"}],"about":[{"href":"https:\/\/przedszkole8.pl\/index.php?rest_route=\/wp\/v2\/types\/post"}],"author":[{"embeddable":true,"href":"https:\/\/przedszkole8.pl\/index.php?rest_route=\/wp\/v2\/users\/20"}],"replies":[{"embeddable":true,"href":"https:\/\/przedszkole8.pl\/index.php?rest_route=%2Fwp%2Fv2%2Fcomments&post=11155"}],"version-history":[{"count":1,"href":"https:\/\/przedszkole8.pl\/index.php?rest_route=\/wp\/v2\/posts\/11155\/revisions"}],"predecessor-version":[{"id":11161,"href":"https:\/\/przedszkole8.pl\/index.php?rest_route=\/wp\/v2\/posts\/11155\/revisions\/11161"}],"wp:attachment":[{"href":"https:\/\/przedszkole8.pl\/index.php?rest_route=%2Fwp%2Fv2%2Fmedia&parent=11155"}],"wp:term":[{"taxonomy":"category","embeddable":true,"href":"https:\/\/przedszkole8.pl\/index.php?rest_route=%2Fwp%2Fv2%2Fcategories&post=11155"},{"taxonomy":"post_tag","embeddable":true,"href":"https:\/\/przedszkole8.pl\/index.php?rest_route=%2Fwp%2Fv2%2Ftags&post=11155"}],"curies":[{"name":"wp","href":"https:\/\/api.w.org\/{rel}","templated":true}]}}