{"id":11150,"date":"2022-12-16T16:22:01","date_gmt":"2022-12-16T16:22:01","guid":{"rendered":"http:\/\/przedszkole8.pl\/?p=11150"},"modified":"2022-12-16T16:22:01","modified_gmt":"2022-12-16T16:22:01","slug":"swiateczny-tydzien-artystyczny-dzien-swiatecznej-kartki","status":"publish","type":"post","link":"https:\/\/przedszkole8.pl\/?p=11150","title":{"rendered":"\u015awi\u0105teczny Tydzie\u0144 Artystyczny &#8211; dzie\u0144 \u015bwi\u0105tecznej kartki"},"content":{"rendered":"<p>\u015awi\u0105teczny Tydzie\u0144 Artystyczny rozpocz\u0105\u0142 si\u0119 w poniedzia\u0142ek 12 grudnia. By\u0142 to dzie\u0144 \u015bwi\u0105tecznej kartki. Tego dnia nasza grupa zaprojektowa\u0142a i wykona\u0142a z pomoc\u0105 pani kartk\u0119 z \u017cyczeniami dla Senior\u00f3w ze \u015arodowiskowego Domu Samopomocy Spo\u0142ecznej. Zaadresowali\u015bmy koperty z kartkami \u015bwi\u0105tecznymi wykonanymi wcze\u015bniej dla naszych rodzic\u00f3w i rodze\u0144stwa. \u017beby wys\u0142a\u0107 kartki wystarczy\u0142o zej\u015b\u0107 z g\u00f3rki i wrzuci\u0107 listy do skrzynki. Szcz\u0119\u015bliwym trafem czeka\u0142 tam pan, kt\u00f3ry w\u0142a\u015bnie opr\u00f3\u017cnia\u0142 skrzynk\u0119. Nasze kartki z pewno\u015bci\u0105 dotar\u0142y\u00a0\u00a0ju\u017c do adresat\u00f3w.<\/p>\n<p><a href=\"https:\/\/i0.wp.com\/przedszkole8.pl\/wp-content\/uploads\/2022\/12\/IMG_20221213_105126.jpg?ssl=1\"><img data-recalc-dims=\"1\" loading=\"lazy\" decoding=\"async\" class=\"alignnone size-medium wp-image-11147\" src=\"https:\/\/i0.wp.com\/przedszkole8.pl\/wp-content\/uploads\/2022\/12\/IMG_20221213_105126-169x300.jpg?resize=169%2C300&#038;ssl=1\" alt=\"img_20221213_105126\" width=\"169\" height=\"300\" \/><\/a>\u00a0 \u00a0<a href=\"https:\/\/i0.wp.com\/przedszkole8.pl\/wp-content\/uploads\/2022\/12\/IMG_20221212_111520.jpg?ssl=1\"><img data-recalc-dims=\"1\" loading=\"lazy\" decoding=\"async\" class=\"alignnone size-medium wp-image-11149\" src=\"https:\/\/i0.wp.com\/przedszkole8.pl\/wp-content\/uploads\/2022\/12\/IMG_20221212_111520-300x169.jpg?resize=300%2C169&#038;ssl=1\" alt=\"img_20221212_111520\" width=\"300\" height=\"169\" \/><\/a><a href=\"https:\/\/i0.wp.com\/przedszkole8.pl\/wp-content\/uploads\/2022\/12\/IMG_20221212_111616.jpg?ssl=1\"><img data-recalc-dims=\"1\" loading=\"lazy\" decoding=\"async\" class=\"alignnone size-medium wp-image-11148\" src=\"https:\/\/i0.wp.com\/przedszkole8.pl\/wp-content\/uploads\/2022\/12\/IMG_20221212_111616-300x169.jpg?resize=300%2C169&#038;ssl=1\" alt=\"img_20221212_111616\" width=\"300\" height=\"169\" \/><\/a><\/p>\n","protected":false},"excerpt":{"rendered":"<p>\u015awi\u0105teczny Tydzie\u0144 Artystyczny rozpocz\u0105\u0142 si\u0119 w poniedzia\u0142ek 12 grudnia. By\u0142 to dzie\u0144 \u015bwi\u0105tecznej kartki. Tego dnia nasza grupa zaprojektowa\u0142a i wykona\u0142a z pomoc\u0105 pani kartk\u0119 z \u017cyczeniami dla Senior\u00f3w ze \u015arodowiskowego Domu Samopomocy Spo\u0142ecznej. Zaadresowali\u015bmy koperty z kartkami \u015bwi\u0105tecznymi wykonanymi wcze\u015bniej dla naszych rodzic\u00f3w i rodze\u0144stwa. \u017beby wys\u0142a\u0107 kartki wystarczy\u0142o zej\u015b\u0107 z g\u00f3rki i wrzuci\u0107<\/p>\n","protected":false},"author":20,"featured_media":0,"comment_status":"closed","ping_status":"closed","sticky":false,"template":"","format":"standard","meta":{"jetpack_post_was_ever_published":false,"_jetpack_newsletter_access":"","_jetpack_dont_email_post_to_subs":false,"_jetpack_newsletter_tier_id":0,"_jetpack_memberships_contains_paywalled_content":false,"_jetpack_memberships_contains_paid_content":false,"footnotes":"","jetpack_publicize_message":"","jetpack_publicize_feature_enabled":true,"jetpack_social_post_already_shared":true,"jetpack_social_options":{"image_generator_settings":{"template":"highway","default_image_id":0,"font":"","enabled":false},"version":2}},"categories":[40],"tags":[],"class_list":["post-11150","post","type-post","status-publish","format-standard","hentry","category-gumisie-2022-2023"],"jetpack_publicize_connections":[],"jetpack_featured_media_url":"","jetpack_sharing_enabled":true,"jetpack_shortlink":"https:\/\/wp.me\/p7NQjT-2TQ","jetpack-related-posts":[],"_links":{"self":[{"href":"https:\/\/przedszkole8.pl\/index.php?rest_route=\/wp\/v2\/posts\/11150","targetHints":{"allow":["GET"]}}],"collection":[{"href":"https:\/\/przedszkole8.pl\/index.php?rest_route=\/wp\/v2\/posts"}],"about":[{"href":"https:\/\/przedszkole8.pl\/index.php?rest_route=\/wp\/v2\/types\/post"}],"author":[{"embeddable":true,"href":"https:\/\/przedszkole8.pl\/index.php?rest_route=\/wp\/v2\/users\/20"}],"replies":[{"embeddable":true,"href":"https:\/\/przedszkole8.pl\/index.php?rest_route=%2Fwp%2Fv2%2Fcomments&post=11150"}],"version-history":[{"count":1,"href":"https:\/\/przedszkole8.pl\/index.php?rest_route=\/wp\/v2\/posts\/11150\/revisions"}],"predecessor-version":[{"id":11151,"href":"https:\/\/przedszkole8.pl\/index.php?rest_route=\/wp\/v2\/posts\/11150\/revisions\/11151"}],"wp:attachment":[{"href":"https:\/\/przedszkole8.pl\/index.php?rest_route=%2Fwp%2Fv2%2Fmedia&parent=11150"}],"wp:term":[{"taxonomy":"category","embeddable":true,"href":"https:\/\/przedszkole8.pl\/index.php?rest_route=%2Fwp%2Fv2%2Fcategories&post=11150"},{"taxonomy":"post_tag","embeddable":true,"href":"https:\/\/przedszkole8.pl\/index.php?rest_route=%2Fwp%2Fv2%2Ftags&post=11150"}],"curies":[{"name":"wp","href":"https:\/\/api.w.org\/{rel}","templated":true}]}}