{"id":11137,"date":"2022-12-15T15:39:22","date_gmt":"2022-12-15T15:39:22","guid":{"rendered":"http:\/\/przedszkole8.pl\/?p=11137"},"modified":"2022-12-15T18:06:43","modified_gmt":"2022-12-15T18:06:43","slug":"swiateczny-tydzien-artystyczny-dzien-czwarty","status":"publish","type":"post","link":"https:\/\/przedszkole8.pl\/?p=11137","title":{"rendered":"\u015awi\u0105teczny Tydzie\u0144 Artystyczny &#8211; dzie\u0144 czwarty"},"content":{"rendered":"<p>W czwartek 15 grudnia obejrzeli\u015bmy w naszym Przedszkolu przedstawienie Teatru Magmowcy pt. &#8222;Era Renifera&#8221;.<\/p>\n<p>Przedszkolaki nam\u00f3wi\u0142y i pomog\u0142y wyszkoli\u0107 renifera tak, aby m\u00f3g\u0142 pracowa\u0107 w zaprz\u0119gu \u015awi\u0119tego Miko\u0142aja. W zamian za pomoc w skompletowaniu za\u0142ogi zaprz\u0119gu, \u015awi\u0119ty Miko\u0142aj obieca\u0142 dzieciom, \u017ce w Wigili\u0119 Bo\u017cego Narodzenia znajd\u0105 pod choink\u0105 moc wspania\u0142ych prezent\u00f3w.<\/p>\n<p><a href=\"https:\/\/i0.wp.com\/przedszkole8.pl\/wp-content\/uploads\/2022\/12\/20221215_090812.jpg?ssl=1\"><img data-recalc-dims=\"1\" loading=\"lazy\" decoding=\"async\" class=\"alignnone size-medium wp-image-11107\" src=\"https:\/\/i0.wp.com\/przedszkole8.pl\/wp-content\/uploads\/2022\/12\/20221215_090812-300x139.jpg?resize=300%2C139&#038;ssl=1\" alt=\"20221215_090812\" width=\"300\" height=\"139\" \/><\/a>\u00a0<a href=\"https:\/\/i0.wp.com\/przedszkole8.pl\/wp-content\/uploads\/2022\/12\/319539369_832144831169251_638704971350190904_n.jpg?ssl=1\"><img data-recalc-dims=\"1\" loading=\"lazy\" decoding=\"async\" class=\"alignnone size-medium wp-image-11140\" src=\"https:\/\/i0.wp.com\/przedszkole8.pl\/wp-content\/uploads\/2022\/12\/319539369_832144831169251_638704971350190904_n-300x225.jpg?resize=300%2C225&#038;ssl=1\" alt=\"319539369_832144831169251_638704971350190904_n\" width=\"300\" height=\"225\" \/><\/a><\/p>\n<p><a href=\"https:\/\/i0.wp.com\/przedszkole8.pl\/wp-content\/uploads\/2022\/12\/20221215_091449.jpg?ssl=1\"><img data-recalc-dims=\"1\" loading=\"lazy\" decoding=\"async\" class=\"alignnone size-medium wp-image-11106\" src=\"https:\/\/i0.wp.com\/przedszkole8.pl\/wp-content\/uploads\/2022\/12\/20221215_091449-300x169.jpg?resize=300%2C169&#038;ssl=1\" alt=\"20221215_091449\" width=\"300\" height=\"169\" \/><\/a>\u00a0<a href=\"https:\/\/i0.wp.com\/przedszkole8.pl\/wp-content\/uploads\/2022\/12\/20221215_091808.jpg?ssl=1\"><img data-recalc-dims=\"1\" loading=\"lazy\" decoding=\"async\" class=\"alignnone size-medium wp-image-11105\" src=\"https:\/\/i0.wp.com\/przedszkole8.pl\/wp-content\/uploads\/2022\/12\/20221215_091808-300x169.jpg?resize=300%2C169&#038;ssl=1\" alt=\"20221215_091808\" width=\"300\" height=\"169\" \/><\/a><\/p>\n","protected":false},"excerpt":{"rendered":"<p>W czwartek 15 grudnia obejrzeli\u015bmy w naszym Przedszkolu przedstawienie Teatru Magmowcy pt. &#8222;Era Renifera&#8221;. Przedszkolaki nam\u00f3wi\u0142y i pomog\u0142y wyszkoli\u0107 renifera tak, aby m\u00f3g\u0142 pracowa\u0107 w zaprz\u0119gu \u015awi\u0119tego Miko\u0142aja. W zamian za pomoc w skompletowaniu za\u0142ogi zaprz\u0119gu, \u015awi\u0119ty Miko\u0142aj obieca\u0142 dzieciom, \u017ce w Wigili\u0119 Bo\u017cego Narodzenia znajd\u0105 pod choink\u0105 moc wspania\u0142ych prezent\u00f3w. \u00a0 \u00a0<\/p>\n","protected":false},"author":24,"featured_media":0,"comment_status":"closed","ping_status":"closed","sticky":false,"template":"","format":"standard","meta":{"jetpack_post_was_ever_published":false,"_jetpack_newsletter_access":"","_jetpack_dont_email_post_to_subs":true,"_jetpack_newsletter_tier_id":0,"_jetpack_memberships_contains_paywalled_content":false,"_jetpack_memberships_contains_paid_content":false,"footnotes":"","jetpack_publicize_message":"","jetpack_publicize_feature_enabled":true,"jetpack_social_post_already_shared":true,"jetpack_social_options":{"image_generator_settings":{"template":"highway","default_image_id":0,"font":"","enabled":false},"version":2}},"categories":[38],"tags":[],"class_list":["post-11137","post","type-post","status-publish","format-standard","hentry","category-uszatki-2022-2023"],"jetpack_publicize_connections":[],"jetpack_featured_media_url":"","jetpack_sharing_enabled":true,"jetpack_shortlink":"https:\/\/wp.me\/p7NQjT-2TD","jetpack-related-posts":[],"_links":{"self":[{"href":"https:\/\/przedszkole8.pl\/index.php?rest_route=\/wp\/v2\/posts\/11137","targetHints":{"allow":["GET"]}}],"collection":[{"href":"https:\/\/przedszkole8.pl\/index.php?rest_route=\/wp\/v2\/posts"}],"about":[{"href":"https:\/\/przedszkole8.pl\/index.php?rest_route=\/wp\/v2\/types\/post"}],"author":[{"embeddable":true,"href":"https:\/\/przedszkole8.pl\/index.php?rest_route=\/wp\/v2\/users\/24"}],"replies":[{"embeddable":true,"href":"https:\/\/przedszkole8.pl\/index.php?rest_route=%2Fwp%2Fv2%2Fcomments&post=11137"}],"version-history":[{"count":3,"href":"https:\/\/przedszkole8.pl\/index.php?rest_route=\/wp\/v2\/posts\/11137\/revisions"}],"predecessor-version":[{"id":11142,"href":"https:\/\/przedszkole8.pl\/index.php?rest_route=\/wp\/v2\/posts\/11137\/revisions\/11142"}],"wp:attachment":[{"href":"https:\/\/przedszkole8.pl\/index.php?rest_route=%2Fwp%2Fv2%2Fmedia&parent=11137"}],"wp:term":[{"taxonomy":"category","embeddable":true,"href":"https:\/\/przedszkole8.pl\/index.php?rest_route=%2Fwp%2Fv2%2Fcategories&post=11137"},{"taxonomy":"post_tag","embeddable":true,"href":"https:\/\/przedszkole8.pl\/index.php?rest_route=%2Fwp%2Fv2%2Ftags&post=11137"}],"curies":[{"name":"wp","href":"https:\/\/api.w.org\/{rel}","templated":true}]}}