{"id":11134,"date":"2022-12-15T15:33:27","date_gmt":"2022-12-15T15:33:27","guid":{"rendered":"http:\/\/przedszkole8.pl\/?p=11134"},"modified":"2022-12-15T18:01:02","modified_gmt":"2022-12-15T18:01:02","slug":"swiateczny-tydzien-artystyczny-dzien-trzeci","status":"publish","type":"post","link":"https:\/\/przedszkole8.pl\/?p=11134","title":{"rendered":"\u015awi\u0105teczny Tydzie\u0144 Artystyczny &#8211; dzie\u0144 trzeci"},"content":{"rendered":"<p>W \u015brod\u0119 odby\u0142 si\u0119 przegl\u0105d kol\u0119d, pastora\u0142ek i piosenek \u015bwi\u0105tecznych. Uszatki zaprezentowa\u0142y\u00a0Puchatkom piosenk\u0119 pt. &#8222;Id\u0105 \u015bwi\u0119ta&#8221;.<\/p>\n<p><a href=\"https:\/\/i0.wp.com\/przedszkole8.pl\/wp-content\/uploads\/2022\/12\/318508887_722113649340684_2155408896272974345_n.jpg?ssl=1\"><img data-recalc-dims=\"1\" loading=\"lazy\" decoding=\"async\" class=\"alignnone size-medium wp-image-11124\" src=\"https:\/\/i0.wp.com\/przedszkole8.pl\/wp-content\/uploads\/2022\/12\/318508887_722113649340684_2155408896272974345_n-300x225.jpg?resize=300%2C225&#038;ssl=1\" alt=\"318508887_722113649340684_2155408896272974345_n\" width=\"300\" height=\"225\" \/><\/a><\/p>\n<div style=\"width: 550px;\" class=\"wp-video\"><!--[if lt IE 9]><script>document.createElement('video');<\/script><![endif]-->\n<video class=\"wp-video-shortcode\" id=\"video-11134-1\" width=\"550\" height=\"550\" preload=\"metadata\" controls=\"controls\"><source type=\"video\/mp4\" src=\"https:\/\/przedszkole8.pl\/wp-content\/uploads\/2022\/12\/10000000_5628319063903771_465301248654423477_n.mp4?_=1\" \/><a href=\"https:\/\/przedszkole8.pl\/wp-content\/uploads\/2022\/12\/10000000_5628319063903771_465301248654423477_n.mp4\">https:\/\/przedszkole8.pl\/wp-content\/uploads\/2022\/12\/10000000_5628319063903771_465301248654423477_n.mp4<\/a><\/video><\/div>\n","protected":false},"excerpt":{"rendered":"<p>W \u015brod\u0119 odby\u0142 si\u0119 przegl\u0105d kol\u0119d, pastora\u0142ek i piosenek \u015bwi\u0105tecznych. Uszatki zaprezentowa\u0142y\u00a0Puchatkom piosenk\u0119 pt. &#8222;Id\u0105 \u015bwi\u0119ta&#8221;.<\/p>\n","protected":false},"author":24,"featured_media":0,"comment_status":"closed","ping_status":"closed","sticky":false,"template":"","format":"standard","meta":{"jetpack_post_was_ever_published":false,"_jetpack_newsletter_access":"","_jetpack_dont_email_post_to_subs":false,"_jetpack_newsletter_tier_id":0,"_jetpack_memberships_contains_paywalled_content":false,"_jetpack_memberships_contains_paid_content":false,"footnotes":"","jetpack_publicize_message":"","jetpack_publicize_feature_enabled":true,"jetpack_social_post_already_shared":true,"jetpack_social_options":{"image_generator_settings":{"template":"highway","default_image_id":0,"font":"","enabled":false},"version":2}},"categories":[38],"tags":[],"class_list":["post-11134","post","type-post","status-publish","format-standard","hentry","category-uszatki-2022-2023"],"jetpack_publicize_connections":[],"jetpack_featured_media_url":"","jetpack_sharing_enabled":true,"jetpack_shortlink":"https:\/\/wp.me\/p7NQjT-2TA","jetpack-related-posts":[],"_links":{"self":[{"href":"https:\/\/przedszkole8.pl\/index.php?rest_route=\/wp\/v2\/posts\/11134","targetHints":{"allow":["GET"]}}],"collection":[{"href":"https:\/\/przedszkole8.pl\/index.php?rest_route=\/wp\/v2\/posts"}],"about":[{"href":"https:\/\/przedszkole8.pl\/index.php?rest_route=\/wp\/v2\/types\/post"}],"author":[{"embeddable":true,"href":"https:\/\/przedszkole8.pl\/index.php?rest_route=\/wp\/v2\/users\/24"}],"replies":[{"embeddable":true,"href":"https:\/\/przedszkole8.pl\/index.php?rest_route=%2Fwp%2Fv2%2Fcomments&post=11134"}],"version-history":[{"count":3,"href":"https:\/\/przedszkole8.pl\/index.php?rest_route=\/wp\/v2\/posts\/11134\/revisions"}],"predecessor-version":[{"id":11139,"href":"https:\/\/przedszkole8.pl\/index.php?rest_route=\/wp\/v2\/posts\/11134\/revisions\/11139"}],"wp:attachment":[{"href":"https:\/\/przedszkole8.pl\/index.php?rest_route=%2Fwp%2Fv2%2Fmedia&parent=11134"}],"wp:term":[{"taxonomy":"category","embeddable":true,"href":"https:\/\/przedszkole8.pl\/index.php?rest_route=%2Fwp%2Fv2%2Fcategories&post=11134"},{"taxonomy":"post_tag","embeddable":true,"href":"https:\/\/przedszkole8.pl\/index.php?rest_route=%2Fwp%2Fv2%2Ftags&post=11134"}],"curies":[{"name":"wp","href":"https:\/\/api.w.org\/{rel}","templated":true}]}}