{"id":11129,"date":"2022-12-15T15:28:11","date_gmt":"2022-12-15T15:28:11","guid":{"rendered":"http:\/\/przedszkole8.pl\/?p=11129"},"modified":"2022-12-15T15:29:26","modified_gmt":"2022-12-15T15:29:26","slug":"swiateczny-tydzien-artystyczny-dzien-drugi","status":"publish","type":"post","link":"https:\/\/przedszkole8.pl\/?p=11129","title":{"rendered":"\u015awi\u0105teczny Tydzie\u0144 Artystyczny &#8211; dzie\u0144 drugi"},"content":{"rendered":"<p>Drugi dzie\u0144 \u015awi\u0105tecznego Tygodnia Artystycznego to warsztaty z Rodzicami i wsp\u00f3lne dekorowanie pierniczk\u00f3w.<\/p>\n<p>Dzi\u0119kujemy Rodzicom za przyj\u015bcie i wsp\u00f3ln\u0105 prac\u0119!<\/p>\n<p><a href=\"https:\/\/i0.wp.com\/przedszkole8.pl\/wp-content\/uploads\/2022\/12\/320096089_4993387990764288_3131950261208782547_n.jpg?ssl=1\"><img data-recalc-dims=\"1\" loading=\"lazy\" decoding=\"async\" class=\"alignnone size-medium wp-image-11128\" src=\"https:\/\/i0.wp.com\/przedszkole8.pl\/wp-content\/uploads\/2022\/12\/320096089_4993387990764288_3131950261208782547_n-300x225.jpg?resize=300%2C225&#038;ssl=1\" alt=\"320096089_4993387990764288_3131950261208782547_n\" width=\"300\" height=\"225\" \/><\/a><\/p>\n","protected":false},"excerpt":{"rendered":"<p>Drugi dzie\u0144 \u015awi\u0105tecznego Tygodnia Artystycznego to warsztaty z Rodzicami i wsp\u00f3lne dekorowanie pierniczk\u00f3w. Dzi\u0119kujemy Rodzicom za przyj\u015bcie i wsp\u00f3ln\u0105 prac\u0119!<\/p>\n","protected":false},"author":24,"featured_media":0,"comment_status":"closed","ping_status":"closed","sticky":false,"template":"","format":"standard","meta":{"jetpack_post_was_ever_published":false,"_jetpack_newsletter_access":"","_jetpack_dont_email_post_to_subs":true,"_jetpack_newsletter_tier_id":0,"_jetpack_memberships_contains_paywalled_content":false,"_jetpack_memberships_contains_paid_content":false,"footnotes":"","jetpack_publicize_message":"","jetpack_publicize_feature_enabled":true,"jetpack_social_post_already_shared":true,"jetpack_social_options":{"image_generator_settings":{"template":"highway","default_image_id":0,"font":"","enabled":false},"version":2}},"categories":[38],"tags":[],"class_list":["post-11129","post","type-post","status-publish","format-standard","hentry","category-uszatki-2022-2023"],"jetpack_publicize_connections":[],"jetpack_featured_media_url":"","jetpack_sharing_enabled":true,"jetpack_shortlink":"https:\/\/wp.me\/p7NQjT-2Tv","jetpack-related-posts":[],"_links":{"self":[{"href":"https:\/\/przedszkole8.pl\/index.php?rest_route=\/wp\/v2\/posts\/11129","targetHints":{"allow":["GET"]}}],"collection":[{"href":"https:\/\/przedszkole8.pl\/index.php?rest_route=\/wp\/v2\/posts"}],"about":[{"href":"https:\/\/przedszkole8.pl\/index.php?rest_route=\/wp\/v2\/types\/post"}],"author":[{"embeddable":true,"href":"https:\/\/przedszkole8.pl\/index.php?rest_route=\/wp\/v2\/users\/24"}],"replies":[{"embeddable":true,"href":"https:\/\/przedszkole8.pl\/index.php?rest_route=%2Fwp%2Fv2%2Fcomments&post=11129"}],"version-history":[{"count":4,"href":"https:\/\/przedszkole8.pl\/index.php?rest_route=\/wp\/v2\/posts\/11129\/revisions"}],"predecessor-version":[{"id":11133,"href":"https:\/\/przedszkole8.pl\/index.php?rest_route=\/wp\/v2\/posts\/11129\/revisions\/11133"}],"wp:attachment":[{"href":"https:\/\/przedszkole8.pl\/index.php?rest_route=%2Fwp%2Fv2%2Fmedia&parent=11129"}],"wp:term":[{"taxonomy":"category","embeddable":true,"href":"https:\/\/przedszkole8.pl\/index.php?rest_route=%2Fwp%2Fv2%2Fcategories&post=11129"},{"taxonomy":"post_tag","embeddable":true,"href":"https:\/\/przedszkole8.pl\/index.php?rest_route=%2Fwp%2Fv2%2Ftags&post=11129"}],"curies":[{"name":"wp","href":"https:\/\/api.w.org\/{rel}","templated":true}]}}