{"id":11117,"date":"2022-12-15T13:27:57","date_gmt":"2022-12-15T13:27:57","guid":{"rendered":"http:\/\/przedszkole8.pl\/?p=11117"},"modified":"2022-12-15T13:27:57","modified_gmt":"2022-12-15T13:27:57","slug":"czytanie-przez-uczniow-z-ckziu","status":"publish","type":"post","link":"https:\/\/przedszkole8.pl\/?p=11117","title":{"rendered":"Czytanie przez uczni\u00f3w z CKZiU"},"content":{"rendered":"<p>W czwartek 8 grudnia po raz kolejny odwiedzili nas uczniowie z CKZiU, aby poczyta\u0107 nam opowiadania. Tym razem wys\u0142uchali\u015bmy dw\u00f3ch bajek &#8211; o kotku i ba\u0142wanku.<\/p>\n<p><a href=\"https:\/\/i0.wp.com\/przedszkole8.pl\/wp-content\/uploads\/2022\/12\/20221208_125519.jpg?ssl=1\"><img data-recalc-dims=\"1\" loading=\"lazy\" decoding=\"async\" class=\"alignnone size-medium wp-image-11112\" src=\"https:\/\/i0.wp.com\/przedszkole8.pl\/wp-content\/uploads\/2022\/12\/20221208_125519-300x169.jpg?resize=300%2C169&#038;ssl=1\" alt=\"20221208_125519\" width=\"300\" height=\"169\" \/><\/a> <a href=\"https:\/\/i0.wp.com\/przedszkole8.pl\/wp-content\/uploads\/2022\/12\/20221208_125508.jpg?ssl=1\"><img data-recalc-dims=\"1\" loading=\"lazy\" decoding=\"async\" class=\"alignnone size-medium wp-image-11113\" src=\"https:\/\/i0.wp.com\/przedszkole8.pl\/wp-content\/uploads\/2022\/12\/20221208_125508-300x169.jpg?resize=300%2C169&#038;ssl=1\" alt=\"20221208_125508\" width=\"300\" height=\"169\" \/><\/a><\/p>\n","protected":false},"excerpt":{"rendered":"<p>W czwartek 8 grudnia po raz kolejny odwiedzili nas uczniowie z CKZiU, aby poczyta\u0107 nam opowiadania. Tym razem wys\u0142uchali\u015bmy dw\u00f3ch bajek &#8211; o kotku i ba\u0142wanku.<\/p>\n","protected":false},"author":24,"featured_media":0,"comment_status":"closed","ping_status":"closed","sticky":false,"template":"","format":"standard","meta":{"jetpack_post_was_ever_published":false,"_jetpack_newsletter_access":"","_jetpack_dont_email_post_to_subs":false,"_jetpack_newsletter_tier_id":0,"_jetpack_memberships_contains_paywalled_content":false,"_jetpack_memberships_contains_paid_content":false,"footnotes":"","jetpack_publicize_message":"","jetpack_publicize_feature_enabled":true,"jetpack_social_post_already_shared":true,"jetpack_social_options":{"image_generator_settings":{"template":"highway","default_image_id":0,"font":"","enabled":false},"version":2}},"categories":[38],"tags":[],"class_list":["post-11117","post","type-post","status-publish","format-standard","hentry","category-uszatki-2022-2023"],"jetpack_publicize_connections":[],"jetpack_featured_media_url":"","jetpack_sharing_enabled":true,"jetpack_shortlink":"https:\/\/wp.me\/p7NQjT-2Tj","jetpack-related-posts":[],"_links":{"self":[{"href":"https:\/\/przedszkole8.pl\/index.php?rest_route=\/wp\/v2\/posts\/11117","targetHints":{"allow":["GET"]}}],"collection":[{"href":"https:\/\/przedszkole8.pl\/index.php?rest_route=\/wp\/v2\/posts"}],"about":[{"href":"https:\/\/przedszkole8.pl\/index.php?rest_route=\/wp\/v2\/types\/post"}],"author":[{"embeddable":true,"href":"https:\/\/przedszkole8.pl\/index.php?rest_route=\/wp\/v2\/users\/24"}],"replies":[{"embeddable":true,"href":"https:\/\/przedszkole8.pl\/index.php?rest_route=%2Fwp%2Fv2%2Fcomments&post=11117"}],"version-history":[{"count":1,"href":"https:\/\/przedszkole8.pl\/index.php?rest_route=\/wp\/v2\/posts\/11117\/revisions"}],"predecessor-version":[{"id":11118,"href":"https:\/\/przedszkole8.pl\/index.php?rest_route=\/wp\/v2\/posts\/11117\/revisions\/11118"}],"wp:attachment":[{"href":"https:\/\/przedszkole8.pl\/index.php?rest_route=%2Fwp%2Fv2%2Fmedia&parent=11117"}],"wp:term":[{"taxonomy":"category","embeddable":true,"href":"https:\/\/przedszkole8.pl\/index.php?rest_route=%2Fwp%2Fv2%2Fcategories&post=11117"},{"taxonomy":"post_tag","embeddable":true,"href":"https:\/\/przedszkole8.pl\/index.php?rest_route=%2Fwp%2Fv2%2Ftags&post=11117"}],"curies":[{"name":"wp","href":"https:\/\/api.w.org\/{rel}","templated":true}]}}