{"id":11115,"date":"2022-12-15T13:23:53","date_gmt":"2022-12-15T13:23:53","guid":{"rendered":"http:\/\/przedszkole8.pl\/?p=11115"},"modified":"2022-12-15T13:23:53","modified_gmt":"2022-12-15T13:23:53","slug":"plastusiowy-pamietnik","status":"publish","type":"post","link":"https:\/\/przedszkole8.pl\/?p=11115","title":{"rendered":"&#8222;Plastusiowy Pami\u0119tnik&#8221;"},"content":{"rendered":"<p>17 listopada udali\u015bmy si\u0119 do hali Portu Gdynia na przedstawienie pt. &#8222;Plastusiowy Pami\u0119tnik&#8221;.<\/p>\n<p>Przygody plastelinowego ludzika przedstawione by\u0142y poprzez przepi\u0119kn\u0105 scenografi\u0119 oraz du\u017co piosenek.<\/p>\n<p>Du\u017cym prze\u017cyciem dla naszych Przedszkolak\u00f3w by\u0142o jednak nie tylko samo przedstawienie, ale tak\u017ce pierwsza wsp\u00f3lna wycieczka.<\/p>\n<p><a href=\"https:\/\/i0.wp.com\/przedszkole8.pl\/wp-content\/uploads\/2022\/12\/20221117_101953.jpg?ssl=1\"><img data-recalc-dims=\"1\" loading=\"lazy\" decoding=\"async\" class=\"alignnone size-medium wp-image-11114\" src=\"https:\/\/i0.wp.com\/przedszkole8.pl\/wp-content\/uploads\/2022\/12\/20221117_101953-300x169.jpg?resize=300%2C169&#038;ssl=1\" alt=\"20221117_101953\" width=\"300\" height=\"169\" \/><\/a><\/p>\n","protected":false},"excerpt":{"rendered":"<p>17 listopada udali\u015bmy si\u0119 do hali Portu Gdynia na przedstawienie pt. &#8222;Plastusiowy Pami\u0119tnik&#8221;. Przygody plastelinowego ludzika przedstawione by\u0142y poprzez przepi\u0119kn\u0105 scenografi\u0119 oraz du\u017co piosenek. Du\u017cym prze\u017cyciem dla naszych Przedszkolak\u00f3w by\u0142o jednak nie tylko samo przedstawienie, ale tak\u017ce pierwsza wsp\u00f3lna wycieczka.<\/p>\n","protected":false},"author":24,"featured_media":0,"comment_status":"closed","ping_status":"closed","sticky":false,"template":"","format":"standard","meta":{"jetpack_post_was_ever_published":false,"_jetpack_newsletter_access":"","_jetpack_dont_email_post_to_subs":false,"_jetpack_newsletter_tier_id":0,"_jetpack_memberships_contains_paywalled_content":false,"_jetpack_memberships_contains_paid_content":false,"footnotes":"","jetpack_publicize_message":"","jetpack_publicize_feature_enabled":true,"jetpack_social_post_already_shared":true,"jetpack_social_options":{"image_generator_settings":{"template":"highway","default_image_id":0,"font":"","enabled":false},"version":2}},"categories":[38],"tags":[],"class_list":["post-11115","post","type-post","status-publish","format-standard","hentry","category-uszatki-2022-2023"],"jetpack_publicize_connections":[],"jetpack_featured_media_url":"","jetpack_sharing_enabled":true,"jetpack_shortlink":"https:\/\/wp.me\/p7NQjT-2Th","jetpack-related-posts":[],"_links":{"self":[{"href":"https:\/\/przedszkole8.pl\/index.php?rest_route=\/wp\/v2\/posts\/11115","targetHints":{"allow":["GET"]}}],"collection":[{"href":"https:\/\/przedszkole8.pl\/index.php?rest_route=\/wp\/v2\/posts"}],"about":[{"href":"https:\/\/przedszkole8.pl\/index.php?rest_route=\/wp\/v2\/types\/post"}],"author":[{"embeddable":true,"href":"https:\/\/przedszkole8.pl\/index.php?rest_route=\/wp\/v2\/users\/24"}],"replies":[{"embeddable":true,"href":"https:\/\/przedszkole8.pl\/index.php?rest_route=%2Fwp%2Fv2%2Fcomments&post=11115"}],"version-history":[{"count":1,"href":"https:\/\/przedszkole8.pl\/index.php?rest_route=\/wp\/v2\/posts\/11115\/revisions"}],"predecessor-version":[{"id":11116,"href":"https:\/\/przedszkole8.pl\/index.php?rest_route=\/wp\/v2\/posts\/11115\/revisions\/11116"}],"wp:attachment":[{"href":"https:\/\/przedszkole8.pl\/index.php?rest_route=%2Fwp%2Fv2%2Fmedia&parent=11115"}],"wp:term":[{"taxonomy":"category","embeddable":true,"href":"https:\/\/przedszkole8.pl\/index.php?rest_route=%2Fwp%2Fv2%2Fcategories&post=11115"},{"taxonomy":"post_tag","embeddable":true,"href":"https:\/\/przedszkole8.pl\/index.php?rest_route=%2Fwp%2Fv2%2Ftags&post=11115"}],"curies":[{"name":"wp","href":"https:\/\/api.w.org\/{rel}","templated":true}]}}