{"id":11102,"date":"2022-12-12T10:59:14","date_gmt":"2022-12-12T10:59:14","guid":{"rendered":"http:\/\/przedszkole8.pl\/?p=11102"},"modified":"2022-12-12T10:59:14","modified_gmt":"2022-12-12T10:59:14","slug":"zapisy-na-okres-27-30-12-2022","status":"publish","type":"post","link":"https:\/\/przedszkole8.pl\/?p=11102","title":{"rendered":"Zapisy na okres 27.-30.12.2022"},"content":{"rendered":"<p>W zwi\u0105zku z konieczno\u015bci\u0105 organizacji pracy w dniach 27-30 grudnia bardzo prosimy o zapisywanie (do czwartku 15 grudnia) dzieci obecnych w tym czasie w przedszkolu na list\u0119 znajduj\u0105c\u0105 si\u0119 na stoliku pod jad\u0142ospisem dla strefy g\u00f3rnej (korytarz przy drzwiach do sali grupy I).<\/p>\n","protected":false},"excerpt":{"rendered":"<p>W zwi\u0105zku z konieczno\u015bci\u0105 organizacji pracy w dniach 27-30 grudnia bardzo prosimy o zapisywanie (do czwartku 15 grudnia) dzieci obecnych w tym czasie w przedszkolu na list\u0119 znajduj\u0105c\u0105 si\u0119 na stoliku pod jad\u0142ospisem dla strefy g\u00f3rnej (korytarz przy drzwiach do sali grupy I).<\/p>\n","protected":false},"author":1,"featured_media":0,"comment_status":"closed","ping_status":"closed","sticky":false,"template":"","format":"standard","meta":{"jetpack_post_was_ever_published":false,"_jetpack_newsletter_access":"","_jetpack_dont_email_post_to_subs":false,"_jetpack_newsletter_tier_id":0,"_jetpack_memberships_contains_paywalled_content":false,"_jetpack_memberships_contains_paid_content":false,"footnotes":"","jetpack_publicize_message":"","jetpack_publicize_feature_enabled":true,"jetpack_social_post_already_shared":true,"jetpack_social_options":{"image_generator_settings":{"template":"highway","default_image_id":0,"font":"","enabled":false},"version":2}},"categories":[16],"tags":[],"class_list":["post-11102","post","type-post","status-publish","format-standard","hentry","category-nowosci"],"jetpack_publicize_connections":[],"jetpack_featured_media_url":"","jetpack_sharing_enabled":true,"jetpack_shortlink":"https:\/\/wp.me\/p7NQjT-2T4","jetpack-related-posts":[],"_links":{"self":[{"href":"https:\/\/przedszkole8.pl\/index.php?rest_route=\/wp\/v2\/posts\/11102","targetHints":{"allow":["GET"]}}],"collection":[{"href":"https:\/\/przedszkole8.pl\/index.php?rest_route=\/wp\/v2\/posts"}],"about":[{"href":"https:\/\/przedszkole8.pl\/index.php?rest_route=\/wp\/v2\/types\/post"}],"author":[{"embeddable":true,"href":"https:\/\/przedszkole8.pl\/index.php?rest_route=\/wp\/v2\/users\/1"}],"replies":[{"embeddable":true,"href":"https:\/\/przedszkole8.pl\/index.php?rest_route=%2Fwp%2Fv2%2Fcomments&post=11102"}],"version-history":[{"count":1,"href":"https:\/\/przedszkole8.pl\/index.php?rest_route=\/wp\/v2\/posts\/11102\/revisions"}],"predecessor-version":[{"id":11103,"href":"https:\/\/przedszkole8.pl\/index.php?rest_route=\/wp\/v2\/posts\/11102\/revisions\/11103"}],"wp:attachment":[{"href":"https:\/\/przedszkole8.pl\/index.php?rest_route=%2Fwp%2Fv2%2Fmedia&parent=11102"}],"wp:term":[{"taxonomy":"category","embeddable":true,"href":"https:\/\/przedszkole8.pl\/index.php?rest_route=%2Fwp%2Fv2%2Fcategories&post=11102"},{"taxonomy":"post_tag","embeddable":true,"href":"https:\/\/przedszkole8.pl\/index.php?rest_route=%2Fwp%2Fv2%2Ftags&post=11102"}],"curies":[{"name":"wp","href":"https:\/\/api.w.org\/{rel}","templated":true}]}}