{"id":11047,"date":"2022-11-26T16:12:44","date_gmt":"2022-11-26T16:12:44","guid":{"rendered":"http:\/\/przedszkole8.pl\/?p=11047"},"modified":"2022-11-26T16:12:44","modified_gmt":"2022-11-26T16:12:44","slug":"czytanie-na-dywanie-7","status":"publish","type":"post","link":"https:\/\/przedszkole8.pl\/?p=11047","title":{"rendered":"Czytanie na dywanie"},"content":{"rendered":"<p>We wtorek 22 listopada podczas poobiedniego odpoczynku s\u0142uchali\u015bmy bajki z serii &#8222;Mi\u015b Uszatek&#8221; czytanej przez pani\u0105 nauczycielk\u0119 z CKZiU w ramach akcji &#8222;Czytanie na dywanie&#8221;.<\/p>\n<p><a href=\"https:\/\/i0.wp.com\/przedszkole8.pl\/wp-content\/uploads\/2022\/11\/1669477074118.jpg?ssl=1\"><img data-recalc-dims=\"1\" loading=\"lazy\" decoding=\"async\" class=\"alignnone size-medium wp-image-11048\" src=\"https:\/\/i0.wp.com\/przedszkole8.pl\/wp-content\/uploads\/2022\/11\/1669477074118-300x169.jpg?resize=300%2C169&#038;ssl=1\" alt=\"1669477074118\" width=\"300\" height=\"169\" \/><\/a> <a href=\"https:\/\/i0.wp.com\/przedszkole8.pl\/wp-content\/uploads\/2022\/11\/1669477106033.jpg?ssl=1\"><img data-recalc-dims=\"1\" loading=\"lazy\" decoding=\"async\" class=\"alignnone size-medium wp-image-11049\" src=\"https:\/\/i0.wp.com\/przedszkole8.pl\/wp-content\/uploads\/2022\/11\/1669477106033-300x169.jpg?resize=300%2C169&#038;ssl=1\" alt=\"1669477106033\" width=\"300\" height=\"169\" \/><\/a><\/p>\n","protected":false},"excerpt":{"rendered":"<p>We wtorek 22 listopada podczas poobiedniego odpoczynku s\u0142uchali\u015bmy bajki z serii &#8222;Mi\u015b Uszatek&#8221; czytanej przez pani\u0105 nauczycielk\u0119 z CKZiU w ramach akcji &#8222;Czytanie na dywanie&#8221;.<\/p>\n","protected":false},"author":20,"featured_media":0,"comment_status":"closed","ping_status":"closed","sticky":false,"template":"","format":"standard","meta":{"jetpack_post_was_ever_published":false,"_jetpack_newsletter_access":"","_jetpack_dont_email_post_to_subs":false,"_jetpack_newsletter_tier_id":0,"_jetpack_memberships_contains_paywalled_content":false,"_jetpack_memberships_contains_paid_content":false,"footnotes":"","jetpack_publicize_message":"","jetpack_publicize_feature_enabled":true,"jetpack_social_post_already_shared":true,"jetpack_social_options":{"image_generator_settings":{"template":"highway","default_image_id":0,"font":"","enabled":false},"version":2}},"categories":[40],"tags":[],"class_list":["post-11047","post","type-post","status-publish","format-standard","hentry","category-gumisie-2022-2023"],"jetpack_publicize_connections":[],"jetpack_featured_media_url":"","jetpack_sharing_enabled":true,"jetpack_shortlink":"https:\/\/wp.me\/p7NQjT-2Sb","jetpack-related-posts":[],"_links":{"self":[{"href":"https:\/\/przedszkole8.pl\/index.php?rest_route=\/wp\/v2\/posts\/11047","targetHints":{"allow":["GET"]}}],"collection":[{"href":"https:\/\/przedszkole8.pl\/index.php?rest_route=\/wp\/v2\/posts"}],"about":[{"href":"https:\/\/przedszkole8.pl\/index.php?rest_route=\/wp\/v2\/types\/post"}],"author":[{"embeddable":true,"href":"https:\/\/przedszkole8.pl\/index.php?rest_route=\/wp\/v2\/users\/20"}],"replies":[{"embeddable":true,"href":"https:\/\/przedszkole8.pl\/index.php?rest_route=%2Fwp%2Fv2%2Fcomments&post=11047"}],"version-history":[{"count":1,"href":"https:\/\/przedszkole8.pl\/index.php?rest_route=\/wp\/v2\/posts\/11047\/revisions"}],"predecessor-version":[{"id":11050,"href":"https:\/\/przedszkole8.pl\/index.php?rest_route=\/wp\/v2\/posts\/11047\/revisions\/11050"}],"wp:attachment":[{"href":"https:\/\/przedszkole8.pl\/index.php?rest_route=%2Fwp%2Fv2%2Fmedia&parent=11047"}],"wp:term":[{"taxonomy":"category","embeddable":true,"href":"https:\/\/przedszkole8.pl\/index.php?rest_route=%2Fwp%2Fv2%2Fcategories&post=11047"},{"taxonomy":"post_tag","embeddable":true,"href":"https:\/\/przedszkole8.pl\/index.php?rest_route=%2Fwp%2Fv2%2Ftags&post=11047"}],"curies":[{"name":"wp","href":"https:\/\/api.w.org\/{rel}","templated":true}]}}