{"id":11013,"date":"2022-11-21T13:04:40","date_gmt":"2022-11-21T13:04:40","guid":{"rendered":"http:\/\/przedszkole8.pl\/?p=11013"},"modified":"2022-11-21T13:04:40","modified_gmt":"2022-11-21T13:04:40","slug":"wizyta-strazaka","status":"publish","type":"post","link":"https:\/\/przedszkole8.pl\/?p=11013","title":{"rendered":"Wizyta stra\u017caka"},"content":{"rendered":"<p>W poniedzia\u0142ek 21.11.2022 go\u015bcili\u015bmy w naszej grupie wspania\u0142ych go\u015bci- babci\u0119 i dziadka Hani B.<\/p>\n<p>Dziadek jest stra\u017cakiem, wi\u0119c pokaza\u0142 i nawet da\u0142 nam przymierzy\u0107 str\u00f3j stra\u017cacki. Ka\u017cdy z nas m\u00f3g\u0142 przez chwil\u0119 poczu\u0107 si\u0119 stra\u017cakiem.<\/p>\n<p>By\u0142y opowie\u015bci o pracy i obowi\u0105zkach stra\u017cak\u00f3w, kolorowanki i s\u0142odko\u015bci.<\/p>\n<p>Dziekuj\u0119my bardzo\u00a0 za znalezienie i po\u015bwi\u0119cenie czasu, by odwiedzi\u0107 nasze przedszkole oraz niesamowite, neza<\/p>\n<p>p<a href=\"https:\/\/i0.wp.com\/przedszkole8.pl\/wp-content\/uploads\/2022\/11\/IMG_5750.jpg?ssl=1\"><img data-recalc-dims=\"1\" loading=\"lazy\" decoding=\"async\" class=\"alignnone size-medium wp-image-11014\" src=\"https:\/\/i0.wp.com\/przedszkole8.pl\/wp-content\/uploads\/2022\/11\/IMG_5750-300x225.jpg?resize=300%2C225&#038;ssl=1\" alt=\"img_5750\" width=\"300\" height=\"225\" \/><\/a> <a href=\"https:\/\/i0.wp.com\/przedszkole8.pl\/wp-content\/uploads\/2022\/11\/IMG_5757.jpg?ssl=1\"><img data-recalc-dims=\"1\" loading=\"lazy\" decoding=\"async\" class=\"alignnone size-medium wp-image-11015\" src=\"https:\/\/i0.wp.com\/przedszkole8.pl\/wp-content\/uploads\/2022\/11\/IMG_5757-300x225.jpg?resize=300%2C225&#038;ssl=1\" alt=\"img_5757\" width=\"300\" height=\"225\" \/><\/a> <a href=\"https:\/\/i0.wp.com\/przedszkole8.pl\/wp-content\/uploads\/2022\/11\/IMG_5758.jpg?ssl=1\"><img data-recalc-dims=\"1\" loading=\"lazy\" decoding=\"async\" class=\"alignnone size-medium wp-image-11016\" src=\"https:\/\/i0.wp.com\/przedszkole8.pl\/wp-content\/uploads\/2022\/11\/IMG_5758-300x225.jpg?resize=300%2C225&#038;ssl=1\" alt=\"img_5758\" width=\"300\" height=\"225\" \/><\/a> <a href=\"https:\/\/i0.wp.com\/przedszkole8.pl\/wp-content\/uploads\/2022\/11\/IMG_5762.jpg?ssl=1\"><img data-recalc-dims=\"1\" loading=\"lazy\" decoding=\"async\" class=\"alignnone size-medium wp-image-11017\" src=\"https:\/\/i0.wp.com\/przedszkole8.pl\/wp-content\/uploads\/2022\/11\/IMG_5762-300x225.jpg?resize=300%2C225&#038;ssl=1\" alt=\"img_5762\" width=\"300\" height=\"225\" \/><\/a> <a href=\"https:\/\/i0.wp.com\/przedszkole8.pl\/wp-content\/uploads\/2022\/11\/IMG_5763.jpg?ssl=1\"><img data-recalc-dims=\"1\" loading=\"lazy\" decoding=\"async\" class=\"alignnone size-medium wp-image-11018\" src=\"https:\/\/i0.wp.com\/przedszkole8.pl\/wp-content\/uploads\/2022\/11\/IMG_5763-300x225.jpg?resize=300%2C225&#038;ssl=1\" alt=\"img_5763\" width=\"300\" height=\"225\" \/><\/a> <a href=\"https:\/\/i0.wp.com\/przedszkole8.pl\/wp-content\/uploads\/2022\/11\/IMG_5764.jpg?ssl=1\"><img data-recalc-dims=\"1\" loading=\"lazy\" decoding=\"async\" class=\"alignnone size-medium wp-image-11019\" src=\"https:\/\/i0.wp.com\/przedszkole8.pl\/wp-content\/uploads\/2022\/11\/IMG_5764-300x225.jpg?resize=300%2C225&#038;ssl=1\" alt=\"img_5764\" width=\"300\" height=\"225\" \/><\/a> <a href=\"https:\/\/i0.wp.com\/przedszkole8.pl\/wp-content\/uploads\/2022\/11\/IMG_5765.jpg?ssl=1\"><img data-recalc-dims=\"1\" loading=\"lazy\" decoding=\"async\" class=\"alignnone size-medium wp-image-11020\" src=\"https:\/\/i0.wp.com\/przedszkole8.pl\/wp-content\/uploads\/2022\/11\/IMG_5765-300x225.jpg?resize=300%2C225&#038;ssl=1\" alt=\"img_5765\" width=\"300\" height=\"225\" \/><\/a> <a href=\"https:\/\/i0.wp.com\/przedszkole8.pl\/wp-content\/uploads\/2022\/11\/IMG_5768.jpg?ssl=1\"><img data-recalc-dims=\"1\" loading=\"lazy\" decoding=\"async\" class=\"alignnone size-medium wp-image-11021\" src=\"https:\/\/i0.wp.com\/przedszkole8.pl\/wp-content\/uploads\/2022\/11\/IMG_5768-300x225.jpg?resize=300%2C225&#038;ssl=1\" alt=\"img_5768\" width=\"300\" height=\"225\" \/><\/a>omniane zaj\u0119cia.<\/p>\n","protected":false},"excerpt":{"rendered":"<p>W poniedzia\u0142ek 21.11.2022 go\u015bcili\u015bmy w naszej grupie wspania\u0142ych go\u015bci- babci\u0119 i dziadka Hani B. Dziadek jest stra\u017cakiem, wi\u0119c pokaza\u0142 i nawet da\u0142 nam przymierzy\u0107 str\u00f3j stra\u017cacki. Ka\u017cdy z nas m\u00f3g\u0142 przez chwil\u0119 poczu\u0107 si\u0119 stra\u017cakiem. By\u0142y opowie\u015bci o pracy i obowi\u0105zkach stra\u017cak\u00f3w, kolorowanki i s\u0142odko\u015bci. Dziekuj\u0119my bardzo\u00a0 za znalezienie i po\u015bwi\u0119cenie czasu, by odwiedzi\u0107 nasze<\/p>\n","protected":false},"author":24,"featured_media":0,"comment_status":"closed","ping_status":"closed","sticky":false,"template":"","format":"standard","meta":{"jetpack_post_was_ever_published":false,"_jetpack_newsletter_access":"","_jetpack_dont_email_post_to_subs":false,"_jetpack_newsletter_tier_id":0,"_jetpack_memberships_contains_paywalled_content":false,"_jetpack_memberships_contains_paid_content":false,"footnotes":"","jetpack_publicize_message":"","jetpack_publicize_feature_enabled":true,"jetpack_social_post_already_shared":true,"jetpack_social_options":{"image_generator_settings":{"template":"highway","default_image_id":0,"font":"","enabled":false},"version":2}},"categories":[41],"tags":[],"class_list":["post-11013","post","type-post","status-publish","format-standard","hentry","category-niedzwiadki-2022-2023"],"jetpack_publicize_connections":[],"jetpack_featured_media_url":"","jetpack_sharing_enabled":true,"jetpack_shortlink":"https:\/\/wp.me\/p7NQjT-2RD","jetpack-related-posts":[],"_links":{"self":[{"href":"https:\/\/przedszkole8.pl\/index.php?rest_route=\/wp\/v2\/posts\/11013","targetHints":{"allow":["GET"]}}],"collection":[{"href":"https:\/\/przedszkole8.pl\/index.php?rest_route=\/wp\/v2\/posts"}],"about":[{"href":"https:\/\/przedszkole8.pl\/index.php?rest_route=\/wp\/v2\/types\/post"}],"author":[{"embeddable":true,"href":"https:\/\/przedszkole8.pl\/index.php?rest_route=\/wp\/v2\/users\/24"}],"replies":[{"embeddable":true,"href":"https:\/\/przedszkole8.pl\/index.php?rest_route=%2Fwp%2Fv2%2Fcomments&post=11013"}],"version-history":[{"count":1,"href":"https:\/\/przedszkole8.pl\/index.php?rest_route=\/wp\/v2\/posts\/11013\/revisions"}],"predecessor-version":[{"id":11022,"href":"https:\/\/przedszkole8.pl\/index.php?rest_route=\/wp\/v2\/posts\/11013\/revisions\/11022"}],"wp:attachment":[{"href":"https:\/\/przedszkole8.pl\/index.php?rest_route=%2Fwp%2Fv2%2Fmedia&parent=11013"}],"wp:term":[{"taxonomy":"category","embeddable":true,"href":"https:\/\/przedszkole8.pl\/index.php?rest_route=%2Fwp%2Fv2%2Fcategories&post=11013"},{"taxonomy":"post_tag","embeddable":true,"href":"https:\/\/przedszkole8.pl\/index.php?rest_route=%2Fwp%2Fv2%2Ftags&post=11013"}],"curies":[{"name":"wp","href":"https:\/\/api.w.org\/{rel}","templated":true}]}}