{"id":11008,"date":"2022-11-20T20:34:11","date_gmt":"2022-11-20T20:34:11","guid":{"rendered":"http:\/\/przedszkole8.pl\/?p=11008"},"modified":"2022-11-20T20:34:11","modified_gmt":"2022-11-20T20:34:11","slug":"szkola-do-hymnu","status":"publish","type":"post","link":"https:\/\/przedszkole8.pl\/?p=11008","title":{"rendered":"Szko\u0142a do hymnu"},"content":{"rendered":"<p>W ramach akcji &#8222;Szko\u0142a do hymnu&#8221; 11 listopada o godzinie 11:11 wsp\u00f3lnie za\u015bpiewali\u015bmy hymn narodowy.\u00a0#Szko\u0142aDoHymnu<\/p>\n<p><a href=\"https:\/\/przedszkole8.pl\/?attachment_id=10987\" rel=\"attachment wp-att-10987\"><img data-recalc-dims=\"1\" loading=\"lazy\" decoding=\"async\" class=\"alignnone size-medium wp-image-10987\" src=\"https:\/\/i0.wp.com\/przedszkole8.pl\/wp-content\/uploads\/2022\/11\/20221110_111000-300x169.jpg?resize=300%2C169&#038;ssl=1\" alt=\"20221110_111000\" width=\"300\" height=\"169\" \/><\/a><\/p>\n<p><a href=\"https:\/\/przedszkole8.pl\/?attachment_id=11011\" rel=\"attachment wp-att-11011\"><img data-recalc-dims=\"1\" loading=\"lazy\" decoding=\"async\" class=\"alignnone size-medium wp-image-11011\" src=\"https:\/\/i0.wp.com\/przedszkole8.pl\/wp-content\/uploads\/2022\/11\/IMG-5445-300x225.jpg?resize=300%2C225&#038;ssl=1\" alt=\"img-5445\" width=\"300\" height=\"225\" \/><\/a><\/p>\n","protected":false},"excerpt":{"rendered":"<p>W ramach akcji &#8222;Szko\u0142a do hymnu&#8221; 11 listopada o godzinie 11:11 wsp\u00f3lnie za\u015bpiewali\u015bmy hymn narodowy.\u00a0#Szko\u0142aDoHymnu<\/p>\n","protected":false},"author":24,"featured_media":0,"comment_status":"closed","ping_status":"closed","sticky":false,"template":"","format":"standard","meta":{"jetpack_post_was_ever_published":false,"_jetpack_newsletter_access":"","_jetpack_dont_email_post_to_subs":false,"_jetpack_newsletter_tier_id":0,"_jetpack_memberships_contains_paywalled_content":false,"_jetpack_memberships_contains_paid_content":false,"footnotes":"","jetpack_publicize_message":"","jetpack_publicize_feature_enabled":true,"jetpack_social_post_already_shared":true,"jetpack_social_options":{"image_generator_settings":{"template":"highway","default_image_id":0,"font":"","enabled":false},"version":2}},"categories":[15],"tags":[],"class_list":["post-11008","post","type-post","status-publish","format-standard","hentry","category-z-zycia-przedszkola"],"jetpack_publicize_connections":[],"jetpack_featured_media_url":"","jetpack_sharing_enabled":true,"jetpack_shortlink":"https:\/\/wp.me\/p7NQjT-2Ry","jetpack-related-posts":[],"_links":{"self":[{"href":"https:\/\/przedszkole8.pl\/index.php?rest_route=\/wp\/v2\/posts\/11008","targetHints":{"allow":["GET"]}}],"collection":[{"href":"https:\/\/przedszkole8.pl\/index.php?rest_route=\/wp\/v2\/posts"}],"about":[{"href":"https:\/\/przedszkole8.pl\/index.php?rest_route=\/wp\/v2\/types\/post"}],"author":[{"embeddable":true,"href":"https:\/\/przedszkole8.pl\/index.php?rest_route=\/wp\/v2\/users\/24"}],"replies":[{"embeddable":true,"href":"https:\/\/przedszkole8.pl\/index.php?rest_route=%2Fwp%2Fv2%2Fcomments&post=11008"}],"version-history":[{"count":1,"href":"https:\/\/przedszkole8.pl\/index.php?rest_route=\/wp\/v2\/posts\/11008\/revisions"}],"predecessor-version":[{"id":11012,"href":"https:\/\/przedszkole8.pl\/index.php?rest_route=\/wp\/v2\/posts\/11008\/revisions\/11012"}],"wp:attachment":[{"href":"https:\/\/przedszkole8.pl\/index.php?rest_route=%2Fwp%2Fv2%2Fmedia&parent=11008"}],"wp:term":[{"taxonomy":"category","embeddable":true,"href":"https:\/\/przedszkole8.pl\/index.php?rest_route=%2Fwp%2Fv2%2Fcategories&post=11008"},{"taxonomy":"post_tag","embeddable":true,"href":"https:\/\/przedszkole8.pl\/index.php?rest_route=%2Fwp%2Fv2%2Ftags&post=11008"}],"curies":[{"name":"wp","href":"https:\/\/api.w.org\/{rel}","templated":true}]}}