{"id":10998,"date":"2022-11-18T09:30:48","date_gmt":"2022-11-18T09:30:48","guid":{"rendered":"http:\/\/przedszkole8.pl\/?p=10998"},"modified":"2022-11-18T09:30:48","modified_gmt":"2022-11-18T09:30:48","slug":"kalendarze-3","status":"publish","type":"post","link":"https:\/\/przedszkole8.pl\/?p=10998","title":{"rendered":"Kalendarze"},"content":{"rendered":"<p>Mo\u017cna ju\u017c kupowa\u0107 kalendarze ze zdj\u0119ciami dzieci w cenie <strong>44 z\u0142<\/strong> (komplet zawiera: du\u017cy kalendarz + zdj\u0119cia + ma\u0142y kalendarz)<br \/>\nOsoby zainteresowane dodatkowymi kalendarzami prosimy o informacj\u0119 do dnia <strong>30.11.2022 r.<\/strong> (tj. do <strong>\u015brody<\/strong>) u nauczycielek poszczeg\u00f3lnych grup.<\/p>\n","protected":false},"excerpt":{"rendered":"<p>Mo\u017cna ju\u017c kupowa\u0107 kalendarze ze zdj\u0119ciami dzieci w cenie 44 z\u0142 (komplet zawiera: du\u017cy kalendarz + zdj\u0119cia + ma\u0142y kalendarz) Osoby zainteresowane dodatkowymi kalendarzami prosimy o informacj\u0119 do dnia 30.11.2022 r. (tj. do \u015brody) u nauczycielek poszczeg\u00f3lnych grup.<\/p>\n","protected":false},"author":1,"featured_media":0,"comment_status":"closed","ping_status":"closed","sticky":false,"template":"","format":"standard","meta":{"jetpack_post_was_ever_published":false,"_jetpack_newsletter_access":"","_jetpack_dont_email_post_to_subs":false,"_jetpack_newsletter_tier_id":0,"_jetpack_memberships_contains_paywalled_content":false,"_jetpack_memberships_contains_paid_content":false,"footnotes":"","jetpack_publicize_message":"","jetpack_publicize_feature_enabled":true,"jetpack_social_post_already_shared":true,"jetpack_social_options":{"image_generator_settings":{"template":"highway","default_image_id":0,"font":"","enabled":false},"version":2}},"categories":[16],"tags":[],"class_list":["post-10998","post","type-post","status-publish","format-standard","hentry","category-nowosci"],"jetpack_publicize_connections":[],"jetpack_featured_media_url":"","jetpack_sharing_enabled":true,"jetpack_shortlink":"https:\/\/wp.me\/p7NQjT-2Ro","jetpack-related-posts":[],"_links":{"self":[{"href":"https:\/\/przedszkole8.pl\/index.php?rest_route=\/wp\/v2\/posts\/10998","targetHints":{"allow":["GET"]}}],"collection":[{"href":"https:\/\/przedszkole8.pl\/index.php?rest_route=\/wp\/v2\/posts"}],"about":[{"href":"https:\/\/przedszkole8.pl\/index.php?rest_route=\/wp\/v2\/types\/post"}],"author":[{"embeddable":true,"href":"https:\/\/przedszkole8.pl\/index.php?rest_route=\/wp\/v2\/users\/1"}],"replies":[{"embeddable":true,"href":"https:\/\/przedszkole8.pl\/index.php?rest_route=%2Fwp%2Fv2%2Fcomments&post=10998"}],"version-history":[{"count":1,"href":"https:\/\/przedszkole8.pl\/index.php?rest_route=\/wp\/v2\/posts\/10998\/revisions"}],"predecessor-version":[{"id":10999,"href":"https:\/\/przedszkole8.pl\/index.php?rest_route=\/wp\/v2\/posts\/10998\/revisions\/10999"}],"wp:attachment":[{"href":"https:\/\/przedszkole8.pl\/index.php?rest_route=%2Fwp%2Fv2%2Fmedia&parent=10998"}],"wp:term":[{"taxonomy":"category","embeddable":true,"href":"https:\/\/przedszkole8.pl\/index.php?rest_route=%2Fwp%2Fv2%2Fcategories&post=10998"},{"taxonomy":"post_tag","embeddable":true,"href":"https:\/\/przedszkole8.pl\/index.php?rest_route=%2Fwp%2Fv2%2Ftags&post=10998"}],"curies":[{"name":"wp","href":"https:\/\/api.w.org\/{rel}","templated":true}]}}