{"id":10993,"date":"2022-11-16T17:28:49","date_gmt":"2022-11-16T17:28:49","guid":{"rendered":"http:\/\/przedszkole8.pl\/?p=10993"},"modified":"2022-11-16T17:28:49","modified_gmt":"2022-11-16T17:28:49","slug":"lekcja-muzyki-u-gumisiow","status":"publish","type":"post","link":"https:\/\/przedszkole8.pl\/?p=10993","title":{"rendered":"Lekcja muzyki u Gumisi\u00f3w"},"content":{"rendered":"<p>We wtorek 15 listopada go\u015bcili\u015bmy w naszej grupie muzyka z Teatru Muzycznego w Gdyni mam\u0119 Amelki M. Z uwag\u0105 s\u0142uchali\u015bmy opowiadania o zawodzie muzyka, o nauce gry na instrumencie, o budowie skrzypiec oraz o teatrze. Ka\u017cde z nas mog\u0142o spr\u00f3bowa\u0107 zagra\u0107 na skrzypcach. Mieli\u015bmy te\u017c przyjemno\u015b\u0107 pos\u0142ucha\u0107 utwor\u00f3w muzycznych wykonanych na tym instrumencie przez mam\u0119 Amelki. Jeszcze raz bardzo dzi\u0119kujemy za bardzo ciekaw\u0105 lekcj\u0119 muzyki i za wsp\u00f3lny mile sp\u0119dzony czas.<\/p>\n<p><a href=\"https:\/\/i0.wp.com\/przedszkole8.pl\/wp-content\/uploads\/2022\/11\/1668608425420.jpg?ssl=1\"><img data-recalc-dims=\"1\" loading=\"lazy\" decoding=\"async\" class=\"alignnone size-medium wp-image-10995\" src=\"https:\/\/i0.wp.com\/przedszkole8.pl\/wp-content\/uploads\/2022\/11\/1668608425420-300x169.jpg?resize=300%2C169&#038;ssl=1\" alt=\"1668608425420\" width=\"300\" height=\"169\" \/><\/a> <a href=\"https:\/\/i0.wp.com\/przedszkole8.pl\/wp-content\/uploads\/2022\/11\/1668608524871.jpg?ssl=1\"><img data-recalc-dims=\"1\" loading=\"lazy\" decoding=\"async\" class=\"alignnone size-medium wp-image-10996\" src=\"https:\/\/i0.wp.com\/przedszkole8.pl\/wp-content\/uploads\/2022\/11\/1668608524871-300x169.jpg?resize=300%2C169&#038;ssl=1\" alt=\"1668608524871\" width=\"300\" height=\"169\" \/><\/a><a href=\"https:\/\/i0.wp.com\/przedszkole8.pl\/wp-content\/uploads\/2022\/11\/1668608191768.jpg?ssl=1\"><img data-recalc-dims=\"1\" loading=\"lazy\" decoding=\"async\" class=\"alignnone size-medium wp-image-10994\" src=\"https:\/\/i0.wp.com\/przedszkole8.pl\/wp-content\/uploads\/2022\/11\/1668608191768-300x169.jpg?resize=300%2C169&#038;ssl=1\" alt=\"1668608191768\" width=\"300\" height=\"169\" \/><\/a><\/p>\n<p>&nbsp;<\/p>\n","protected":false},"excerpt":{"rendered":"<p>We wtorek 15 listopada go\u015bcili\u015bmy w naszej grupie muzyka z Teatru Muzycznego w Gdyni mam\u0119 Amelki M. Z uwag\u0105 s\u0142uchali\u015bmy opowiadania o zawodzie muzyka, o nauce gry na instrumencie, o budowie skrzypiec oraz o teatrze. Ka\u017cde z nas mog\u0142o spr\u00f3bowa\u0107 zagra\u0107 na skrzypcach. Mieli\u015bmy te\u017c przyjemno\u015b\u0107 pos\u0142ucha\u0107 utwor\u00f3w muzycznych wykonanych na tym instrumencie przez mam\u0119<\/p>\n","protected":false},"author":20,"featured_media":0,"comment_status":"closed","ping_status":"closed","sticky":false,"template":"","format":"standard","meta":{"jetpack_post_was_ever_published":false,"_jetpack_newsletter_access":"","_jetpack_dont_email_post_to_subs":false,"_jetpack_newsletter_tier_id":0,"_jetpack_memberships_contains_paywalled_content":false,"_jetpack_memberships_contains_paid_content":false,"footnotes":"","jetpack_publicize_message":"","jetpack_publicize_feature_enabled":true,"jetpack_social_post_already_shared":true,"jetpack_social_options":{"image_generator_settings":{"template":"highway","default_image_id":0,"font":"","enabled":false},"version":2}},"categories":[40],"tags":[],"class_list":["post-10993","post","type-post","status-publish","format-standard","hentry","category-gumisie-2022-2023"],"jetpack_publicize_connections":[],"jetpack_featured_media_url":"","jetpack_sharing_enabled":true,"jetpack_shortlink":"https:\/\/wp.me\/p7NQjT-2Rj","jetpack-related-posts":[],"_links":{"self":[{"href":"https:\/\/przedszkole8.pl\/index.php?rest_route=\/wp\/v2\/posts\/10993","targetHints":{"allow":["GET"]}}],"collection":[{"href":"https:\/\/przedszkole8.pl\/index.php?rest_route=\/wp\/v2\/posts"}],"about":[{"href":"https:\/\/przedszkole8.pl\/index.php?rest_route=\/wp\/v2\/types\/post"}],"author":[{"embeddable":true,"href":"https:\/\/przedszkole8.pl\/index.php?rest_route=\/wp\/v2\/users\/20"}],"replies":[{"embeddable":true,"href":"https:\/\/przedszkole8.pl\/index.php?rest_route=%2Fwp%2Fv2%2Fcomments&post=10993"}],"version-history":[{"count":1,"href":"https:\/\/przedszkole8.pl\/index.php?rest_route=\/wp\/v2\/posts\/10993\/revisions"}],"predecessor-version":[{"id":10997,"href":"https:\/\/przedszkole8.pl\/index.php?rest_route=\/wp\/v2\/posts\/10993\/revisions\/10997"}],"wp:attachment":[{"href":"https:\/\/przedszkole8.pl\/index.php?rest_route=%2Fwp%2Fv2%2Fmedia&parent=10993"}],"wp:term":[{"taxonomy":"category","embeddable":true,"href":"https:\/\/przedszkole8.pl\/index.php?rest_route=%2Fwp%2Fv2%2Fcategories&post=10993"},{"taxonomy":"post_tag","embeddable":true,"href":"https:\/\/przedszkole8.pl\/index.php?rest_route=%2Fwp%2Fv2%2Ftags&post=10993"}],"curies":[{"name":"wp","href":"https:\/\/api.w.org\/{rel}","templated":true}]}}