{"id":10957,"date":"2022-11-05T10:36:55","date_gmt":"2022-11-05T10:36:55","guid":{"rendered":"http:\/\/przedszkole8.pl\/?p=10957"},"modified":"2022-11-05T10:36:55","modified_gmt":"2022-11-05T10:36:55","slug":"miedzynarodowy-dzien-postaci-bajek","status":"publish","type":"post","link":"https:\/\/przedszkole8.pl\/?p=10957","title":{"rendered":"Mi\u0119dzynarodowy Dzie\u0144 Postaci Bajek"},"content":{"rendered":"<p>Bajki, ba\u015bnie zar\u00f3wno te czytane, jak i ogl\u0105dane, odgrywaj\u0105 wa\u017cn\u0105 rol\u0119 w\u00a0\u017cyciu dziecka. Misie\u00a0przysz\u0142y ubrane w tym dniu\u00a0za ulubion\u0105 postaci\u0105 z dowolnej bajki.\u00a0Dzieci zaprezentowa\u0142y swoje stroje podczas wsp\u00f3lnych\u00a0zabaw taneczno- integracyjnych\u00a0w sali.<\/p>\n<p><a href=\"https:\/\/i0.wp.com\/przedszkole8.pl\/wp-content\/uploads\/2022\/11\/6257405D-4CFF-4713-BE1A-CC89918A3E4D.jpeg?ssl=1\"><img data-recalc-dims=\"1\" loading=\"lazy\" decoding=\"async\" class=\"alignnone size-medium wp-image-10958\" src=\"https:\/\/i0.wp.com\/przedszkole8.pl\/wp-content\/uploads\/2022\/11\/6257405D-4CFF-4713-BE1A-CC89918A3E4D-300x225.jpeg?resize=300%2C225&#038;ssl=1\" alt=\"6257405d-4cff-4713-be1a-cc89918a3e4d\" width=\"300\" height=\"225\" \/><\/a> <a href=\"https:\/\/i0.wp.com\/przedszkole8.pl\/wp-content\/uploads\/2022\/11\/8F357E8E-77BA-4A5A-94BC-3B65B9E84EE1.jpeg?ssl=1\"><img data-recalc-dims=\"1\" loading=\"lazy\" decoding=\"async\" class=\"alignnone size-medium wp-image-10959\" src=\"https:\/\/i0.wp.com\/przedszkole8.pl\/wp-content\/uploads\/2022\/11\/8F357E8E-77BA-4A5A-94BC-3B65B9E84EE1-300x225.jpeg?resize=300%2C225&#038;ssl=1\" alt=\"8f357e8e-77ba-4a5a-94bc-3b65b9e84ee1\" width=\"300\" height=\"225\" \/><\/a> <a href=\"https:\/\/i0.wp.com\/przedszkole8.pl\/wp-content\/uploads\/2022\/11\/99B98C6E-3D6D-402F-AF81-AD71505E57E8.jpeg?ssl=1\"><img data-recalc-dims=\"1\" loading=\"lazy\" decoding=\"async\" class=\"alignnone size-medium wp-image-10960\" src=\"https:\/\/i0.wp.com\/przedszkole8.pl\/wp-content\/uploads\/2022\/11\/99B98C6E-3D6D-402F-AF81-AD71505E57E8-300x225.jpeg?resize=300%2C225&#038;ssl=1\" alt=\"99b98c6e-3d6d-402f-af81-ad71505e57e8\" width=\"300\" height=\"225\" \/><\/a> <a href=\"https:\/\/i0.wp.com\/przedszkole8.pl\/wp-content\/uploads\/2022\/11\/A6A4F442-E772-447A-B71D-C423F6F41288.jpeg?ssl=1\"><img data-recalc-dims=\"1\" loading=\"lazy\" decoding=\"async\" class=\"alignnone size-medium wp-image-10961\" src=\"https:\/\/i0.wp.com\/przedszkole8.pl\/wp-content\/uploads\/2022\/11\/A6A4F442-E772-447A-B71D-C423F6F41288-300x225.jpeg?resize=300%2C225&#038;ssl=1\" alt=\"a6a4f442-e772-447a-b71d-c423f6f41288\" width=\"300\" height=\"225\" \/><\/a><\/p>\n","protected":false},"excerpt":{"rendered":"<p>Bajki, ba\u015bnie zar\u00f3wno te czytane, jak i ogl\u0105dane, odgrywaj\u0105 wa\u017cn\u0105 rol\u0119 w\u00a0\u017cyciu dziecka. Misie\u00a0przysz\u0142y ubrane w tym dniu\u00a0za ulubion\u0105 postaci\u0105 z dowolnej bajki.\u00a0Dzieci zaprezentowa\u0142y swoje stroje podczas wsp\u00f3lnych\u00a0zabaw taneczno- integracyjnych\u00a0w sali.<\/p>\n","protected":false},"author":25,"featured_media":0,"comment_status":"closed","ping_status":"closed","sticky":false,"template":"","format":"standard","meta":{"jetpack_post_was_ever_published":false,"_jetpack_newsletter_access":"","_jetpack_dont_email_post_to_subs":false,"_jetpack_newsletter_tier_id":0,"_jetpack_memberships_contains_paywalled_content":false,"_jetpack_memberships_contains_paid_content":false,"footnotes":"","jetpack_publicize_message":"","jetpack_publicize_feature_enabled":true,"jetpack_social_post_already_shared":true,"jetpack_social_options":{"image_generator_settings":{"template":"highway","default_image_id":0,"font":"","enabled":false},"version":2}},"categories":[39],"tags":[],"class_list":["post-10957","post","type-post","status-publish","format-standard","hentry","category-misie-2022-2023"],"jetpack_publicize_connections":[],"jetpack_featured_media_url":"","jetpack_sharing_enabled":true,"jetpack_shortlink":"https:\/\/wp.me\/p7NQjT-2QJ","jetpack-related-posts":[],"_links":{"self":[{"href":"https:\/\/przedszkole8.pl\/index.php?rest_route=\/wp\/v2\/posts\/10957","targetHints":{"allow":["GET"]}}],"collection":[{"href":"https:\/\/przedszkole8.pl\/index.php?rest_route=\/wp\/v2\/posts"}],"about":[{"href":"https:\/\/przedszkole8.pl\/index.php?rest_route=\/wp\/v2\/types\/post"}],"author":[{"embeddable":true,"href":"https:\/\/przedszkole8.pl\/index.php?rest_route=\/wp\/v2\/users\/25"}],"replies":[{"embeddable":true,"href":"https:\/\/przedszkole8.pl\/index.php?rest_route=%2Fwp%2Fv2%2Fcomments&post=10957"}],"version-history":[{"count":1,"href":"https:\/\/przedszkole8.pl\/index.php?rest_route=\/wp\/v2\/posts\/10957\/revisions"}],"predecessor-version":[{"id":10962,"href":"https:\/\/przedszkole8.pl\/index.php?rest_route=\/wp\/v2\/posts\/10957\/revisions\/10962"}],"wp:attachment":[{"href":"https:\/\/przedszkole8.pl\/index.php?rest_route=%2Fwp%2Fv2%2Fmedia&parent=10957"}],"wp:term":[{"taxonomy":"category","embeddable":true,"href":"https:\/\/przedszkole8.pl\/index.php?rest_route=%2Fwp%2Fv2%2Fcategories&post=10957"},{"taxonomy":"post_tag","embeddable":true,"href":"https:\/\/przedszkole8.pl\/index.php?rest_route=%2Fwp%2Fv2%2Ftags&post=10957"}],"curies":[{"name":"wp","href":"https:\/\/api.w.org\/{rel}","templated":true}]}}