{"id":10940,"date":"2022-11-05T10:05:19","date_gmt":"2022-11-05T10:05:19","guid":{"rendered":"http:\/\/przedszkole8.pl\/?p=10940"},"modified":"2022-11-05T10:13:26","modified_gmt":"2022-11-05T10:13:26","slug":"urodzinki-kacperka","status":"publish","type":"post","link":"https:\/\/przedszkole8.pl\/?p=10940","title":{"rendered":"Urodzinki Kacperka"},"content":{"rendered":"<div dir=\"auto\">Dzisiaj urodzinki mia\u0142 Kacperek. Jeszcze raz \u017cyczymy wspania\u0142ych przyg\u00f3d, szalonej zabawy, g\u00f3ry s\u0142odko\u015bci i mn\u00f3stwa rado\u015bci <span class=\"x3nfvp2 x1j61x8r x1fcty0u xdj266r xhhsvwb xat24cr xgzva0m xxymvpz xlup9mm x1kky2od\"><img loading=\"lazy\" decoding=\"async\" src=\"https:\/\/static.xx.fbcdn.net\/images\/emoji.php\/v9\/t10\/1.5\/16\/1f917.png\" alt=\"\" width=\"16\" height=\"16\" \/><\/span><\/div>\n<div dir=\"auto\">Dzi\u0119kujemy za pyszny pocz\u0119stunek.<\/div>\n<p><a href=\"https:\/\/i0.wp.com\/przedszkole8.pl\/wp-content\/uploads\/2022\/11\/FD0170A1-4814-45CC-A5B8-C3C4AB61B2D3.jpeg?ssl=1\"><img data-recalc-dims=\"1\" loading=\"lazy\" decoding=\"async\" class=\"alignnone size-medium wp-image-10941\" src=\"https:\/\/i0.wp.com\/przedszkole8.pl\/wp-content\/uploads\/2022\/11\/FD0170A1-4814-45CC-A5B8-C3C4AB61B2D3-300x225.jpeg?resize=300%2C225&#038;ssl=1\" alt=\"fd0170a1-4814-45cc-a5b8-c3c4ab61b2d3\" width=\"300\" height=\"225\" \/><\/a> <a href=\"https:\/\/i0.wp.com\/przedszkole8.pl\/wp-content\/uploads\/2022\/11\/A0E4DE20-C22A-47A8-8552-F8CF9F473C46.jpeg?ssl=1\"><img data-recalc-dims=\"1\" loading=\"lazy\" decoding=\"async\" class=\"alignnone size-medium wp-image-10947\" src=\"https:\/\/i0.wp.com\/przedszkole8.pl\/wp-content\/uploads\/2022\/11\/A0E4DE20-C22A-47A8-8552-F8CF9F473C46-300x225.jpeg?resize=300%2C225&#038;ssl=1\" alt=\"a0e4de20-c22a-47a8-8552-f8cf9f473c46\" width=\"300\" height=\"225\" \/><\/a> <a href=\"https:\/\/i0.wp.com\/przedszkole8.pl\/wp-content\/uploads\/2022\/11\/7671E9CD-D057-4C4C-8305-446D884D384F.jpeg?ssl=1\"><img data-recalc-dims=\"1\" loading=\"lazy\" decoding=\"async\" class=\"alignnone size-medium wp-image-10942\" src=\"https:\/\/i0.wp.com\/przedszkole8.pl\/wp-content\/uploads\/2022\/11\/7671E9CD-D057-4C4C-8305-446D884D384F-300x225.jpeg?resize=300%2C225&#038;ssl=1\" alt=\"7671e9cd-d057-4c4c-8305-446d884d384f\" width=\"300\" height=\"225\" \/><\/a> <a href=\"https:\/\/i0.wp.com\/przedszkole8.pl\/wp-content\/uploads\/2022\/11\/DA014CD8-F1BA-4DE7-9E18-FFF2E2AB8F5C.jpeg?ssl=1\"><img data-recalc-dims=\"1\" loading=\"lazy\" decoding=\"async\" class=\"alignnone size-medium wp-image-10943\" src=\"https:\/\/i0.wp.com\/przedszkole8.pl\/wp-content\/uploads\/2022\/11\/DA014CD8-F1BA-4DE7-9E18-FFF2E2AB8F5C-300x225.jpeg?resize=300%2C225&#038;ssl=1\" alt=\"da014cd8-f1ba-4de7-9e18-fff2e2ab8f5c\" width=\"300\" height=\"225\" \/><\/a> <a href=\"https:\/\/i0.wp.com\/przedszkole8.pl\/wp-content\/uploads\/2022\/11\/7DE1B388-EFA0-4B4D-B89B-B44E68CBE5FD.jpeg?ssl=1\"><img data-recalc-dims=\"1\" loading=\"lazy\" decoding=\"async\" class=\"alignnone size-medium wp-image-10944\" src=\"https:\/\/i0.wp.com\/przedszkole8.pl\/wp-content\/uploads\/2022\/11\/7DE1B388-EFA0-4B4D-B89B-B44E68CBE5FD-300x225.jpeg?resize=300%2C225&#038;ssl=1\" alt=\"7de1b388-efa0-4b4d-b89b-b44e68cbe5fd\" width=\"300\" height=\"225\" \/><\/a> <a href=\"https:\/\/i0.wp.com\/przedszkole8.pl\/wp-content\/uploads\/2022\/11\/3068FE95-C7F1-4907-9392-F9A4F201FB30.jpeg?ssl=1\"><img data-recalc-dims=\"1\" loading=\"lazy\" decoding=\"async\" class=\"alignnone size-medium wp-image-10945\" src=\"https:\/\/i0.wp.com\/przedszkole8.pl\/wp-content\/uploads\/2022\/11\/3068FE95-C7F1-4907-9392-F9A4F201FB30-300x225.jpeg?resize=300%2C225&#038;ssl=1\" alt=\"3068fe95-c7f1-4907-9392-f9a4f201fb30\" width=\"300\" height=\"225\" \/><\/a> <a href=\"https:\/\/i0.wp.com\/przedszkole8.pl\/wp-content\/uploads\/2022\/11\/B19E014E-DFDB-4EBF-81DC-7A96296C8918.jpeg?ssl=1\"><img data-recalc-dims=\"1\" loading=\"lazy\" decoding=\"async\" class=\"alignnone size-medium wp-image-10946\" src=\"https:\/\/i0.wp.com\/przedszkole8.pl\/wp-content\/uploads\/2022\/11\/B19E014E-DFDB-4EBF-81DC-7A96296C8918-300x225.jpeg?resize=300%2C225&#038;ssl=1\" alt=\"b19e014e-dfdb-4ebf-81dc-7a96296c8918\" width=\"300\" height=\"225\" \/><\/a><\/p>\n","protected":false},"excerpt":{"rendered":"<p>Dzisiaj urodzinki mia\u0142 Kacperek. Jeszcze raz \u017cyczymy wspania\u0142ych przyg\u00f3d, szalonej zabawy, g\u00f3ry s\u0142odko\u015bci i mn\u00f3stwa rado\u015bci Dzi\u0119kujemy za pyszny pocz\u0119stunek.<\/p>\n","protected":false},"author":25,"featured_media":0,"comment_status":"closed","ping_status":"closed","sticky":false,"template":"","format":"standard","meta":{"jetpack_post_was_ever_published":false,"_jetpack_newsletter_access":"","_jetpack_dont_email_post_to_subs":true,"_jetpack_newsletter_tier_id":0,"_jetpack_memberships_contains_paywalled_content":false,"_jetpack_memberships_contains_paid_content":false,"footnotes":"","jetpack_publicize_message":"","jetpack_publicize_feature_enabled":true,"jetpack_social_post_already_shared":true,"jetpack_social_options":{"image_generator_settings":{"template":"highway","default_image_id":0,"font":"","enabled":false},"version":2}},"categories":[39],"tags":[],"class_list":["post-10940","post","type-post","status-publish","format-standard","hentry","category-misie-2022-2023"],"jetpack_publicize_connections":[],"jetpack_featured_media_url":"","jetpack_sharing_enabled":true,"jetpack_shortlink":"https:\/\/wp.me\/p7NQjT-2Qs","jetpack-related-posts":[],"_links":{"self":[{"href":"https:\/\/przedszkole8.pl\/index.php?rest_route=\/wp\/v2\/posts\/10940","targetHints":{"allow":["GET"]}}],"collection":[{"href":"https:\/\/przedszkole8.pl\/index.php?rest_route=\/wp\/v2\/posts"}],"about":[{"href":"https:\/\/przedszkole8.pl\/index.php?rest_route=\/wp\/v2\/types\/post"}],"author":[{"embeddable":true,"href":"https:\/\/przedszkole8.pl\/index.php?rest_route=\/wp\/v2\/users\/25"}],"replies":[{"embeddable":true,"href":"https:\/\/przedszkole8.pl\/index.php?rest_route=%2Fwp%2Fv2%2Fcomments&post=10940"}],"version-history":[{"count":1,"href":"https:\/\/przedszkole8.pl\/index.php?rest_route=\/wp\/v2\/posts\/10940\/revisions"}],"predecessor-version":[{"id":10948,"href":"https:\/\/przedszkole8.pl\/index.php?rest_route=\/wp\/v2\/posts\/10940\/revisions\/10948"}],"wp:attachment":[{"href":"https:\/\/przedszkole8.pl\/index.php?rest_route=%2Fwp%2Fv2%2Fmedia&parent=10940"}],"wp:term":[{"taxonomy":"category","embeddable":true,"href":"https:\/\/przedszkole8.pl\/index.php?rest_route=%2Fwp%2Fv2%2Fcategories&post=10940"},{"taxonomy":"post_tag","embeddable":true,"href":"https:\/\/przedszkole8.pl\/index.php?rest_route=%2Fwp%2Fv2%2Ftags&post=10940"}],"curies":[{"name":"wp","href":"https:\/\/api.w.org\/{rel}","templated":true}]}}