{"id":10936,"date":"2022-11-05T09:56:54","date_gmt":"2022-11-05T09:56:54","guid":{"rendered":"http:\/\/przedszkole8.pl\/?p=10936"},"modified":"2022-11-05T09:56:54","modified_gmt":"2022-11-05T09:56:54","slug":"jesienny-spacer-do-lasu-3","status":"publish","type":"post","link":"https:\/\/przedszkole8.pl\/?p=10936","title":{"rendered":"Jesienny spacer do lasu"},"content":{"rendered":"<p>Misie\u00a0wyruszy\u0142y na spacer le\u015bnymi dr\u00f3\u017ckami. Dzieci poznawa\u0142y przyrod\u0119 patrz\u0105c, s\u0142uchaj\u0105c i dotykaj\u0105c. Obserwowa\u0142y las, kt\u00f3ry kryje w sobie wiele ciekawych tajemnic.\u00a0Razem sp\u0119dzili\u015bmy mi\u0142o czas na \u015bwie\u017cym, zdrowym powietrzu w otoczeniu pi\u0119knej, malowniczej przyrody le\u015bnej.<\/p>\n<p><a href=\"https:\/\/i0.wp.com\/przedszkole8.pl\/wp-content\/uploads\/2022\/11\/05EFC549-0D8B-4882-A6CB-B6B9B5AE5938.jpeg?ssl=1\"><img data-recalc-dims=\"1\" loading=\"lazy\" decoding=\"async\" class=\"alignnone size-medium wp-image-10938\" src=\"https:\/\/i0.wp.com\/przedszkole8.pl\/wp-content\/uploads\/2022\/11\/05EFC549-0D8B-4882-A6CB-B6B9B5AE5938-300x225.jpeg?resize=300%2C225&#038;ssl=1\" alt=\"05efc549-0d8b-4882-a6cb-b6b9b5ae5938\" width=\"300\" height=\"225\" \/><\/a> <a href=\"https:\/\/i0.wp.com\/przedszkole8.pl\/wp-content\/uploads\/2022\/11\/13A11F88-1473-4430-9459-81019409B3E5.jpeg?ssl=1\"><img data-recalc-dims=\"1\" loading=\"lazy\" decoding=\"async\" class=\"alignnone size-medium wp-image-10937\" src=\"https:\/\/i0.wp.com\/przedszkole8.pl\/wp-content\/uploads\/2022\/11\/13A11F88-1473-4430-9459-81019409B3E5-300x225.jpeg?resize=300%2C225&#038;ssl=1\" alt=\"13a11f88-1473-4430-9459-81019409b3e5\" width=\"300\" height=\"225\" \/><\/a><\/p>\n","protected":false},"excerpt":{"rendered":"<p>Misie\u00a0wyruszy\u0142y na spacer le\u015bnymi dr\u00f3\u017ckami. Dzieci poznawa\u0142y przyrod\u0119 patrz\u0105c, s\u0142uchaj\u0105c i dotykaj\u0105c. Obserwowa\u0142y las, kt\u00f3ry kryje w sobie wiele ciekawych tajemnic.\u00a0Razem sp\u0119dzili\u015bmy mi\u0142o czas na \u015bwie\u017cym, zdrowym powietrzu w otoczeniu pi\u0119knej, malowniczej przyrody le\u015bnej.<\/p>\n","protected":false},"author":25,"featured_media":0,"comment_status":"closed","ping_status":"closed","sticky":false,"template":"","format":"standard","meta":{"jetpack_post_was_ever_published":false,"_jetpack_newsletter_access":"","_jetpack_dont_email_post_to_subs":false,"_jetpack_newsletter_tier_id":0,"_jetpack_memberships_contains_paywalled_content":false,"_jetpack_memberships_contains_paid_content":false,"footnotes":"","jetpack_publicize_message":"","jetpack_publicize_feature_enabled":true,"jetpack_social_post_already_shared":true,"jetpack_social_options":{"image_generator_settings":{"template":"highway","default_image_id":0,"font":"","enabled":false},"version":2}},"categories":[39],"tags":[],"class_list":["post-10936","post","type-post","status-publish","format-standard","hentry","category-misie-2022-2023"],"jetpack_publicize_connections":[],"jetpack_featured_media_url":"","jetpack_sharing_enabled":true,"jetpack_shortlink":"https:\/\/wp.me\/p7NQjT-2Qo","jetpack-related-posts":[],"_links":{"self":[{"href":"https:\/\/przedszkole8.pl\/index.php?rest_route=\/wp\/v2\/posts\/10936","targetHints":{"allow":["GET"]}}],"collection":[{"href":"https:\/\/przedszkole8.pl\/index.php?rest_route=\/wp\/v2\/posts"}],"about":[{"href":"https:\/\/przedszkole8.pl\/index.php?rest_route=\/wp\/v2\/types\/post"}],"author":[{"embeddable":true,"href":"https:\/\/przedszkole8.pl\/index.php?rest_route=\/wp\/v2\/users\/25"}],"replies":[{"embeddable":true,"href":"https:\/\/przedszkole8.pl\/index.php?rest_route=%2Fwp%2Fv2%2Fcomments&post=10936"}],"version-history":[{"count":1,"href":"https:\/\/przedszkole8.pl\/index.php?rest_route=\/wp\/v2\/posts\/10936\/revisions"}],"predecessor-version":[{"id":10939,"href":"https:\/\/przedszkole8.pl\/index.php?rest_route=\/wp\/v2\/posts\/10936\/revisions\/10939"}],"wp:attachment":[{"href":"https:\/\/przedszkole8.pl\/index.php?rest_route=%2Fwp%2Fv2%2Fmedia&parent=10936"}],"wp:term":[{"taxonomy":"category","embeddable":true,"href":"https:\/\/przedszkole8.pl\/index.php?rest_route=%2Fwp%2Fv2%2Fcategories&post=10936"},{"taxonomy":"post_tag","embeddable":true,"href":"https:\/\/przedszkole8.pl\/index.php?rest_route=%2Fwp%2Fv2%2Ftags&post=10936"}],"curies":[{"name":"wp","href":"https:\/\/api.w.org\/{rel}","templated":true}]}}