{"id":10921,"date":"2022-11-05T09:27:11","date_gmt":"2022-11-05T09:27:11","guid":{"rendered":"http:\/\/przedszkole8.pl\/?p=10921"},"modified":"2022-11-05T09:27:11","modified_gmt":"2022-11-05T09:27:11","slug":"czytanie-na-dywanie-6","status":"publish","type":"post","link":"https:\/\/przedszkole8.pl\/?p=10921","title":{"rendered":"Czytanie na dywanie"},"content":{"rendered":"<p>Regularny cykl spotka\u0144 z uczniami\u00a0ze szko\u0142y CKZiU\u00a0ma na celu promowanie kultury czytelniczej. Zar\u00f3wno m\u0142odzie\u017c, jak i nasze dzieci du\u017co ucz\u0105 si\u0119 nawzajem od siebie.<\/p>\n<p>&nbsp;<\/p>\n<p><a href=\"https:\/\/i0.wp.com\/przedszkole8.pl\/wp-content\/uploads\/2022\/11\/77496919-9E9B-403A-A521-505529160C10.jpeg?ssl=1\"><img data-recalc-dims=\"1\" loading=\"lazy\" decoding=\"async\" class=\"alignnone size-medium wp-image-10927\" src=\"https:\/\/i0.wp.com\/przedszkole8.pl\/wp-content\/uploads\/2022\/11\/77496919-9E9B-403A-A521-505529160C10-224x300.jpeg?resize=224%2C300&#038;ssl=1\" alt=\"77496919-9e9b-403a-a521-505529160c10\" width=\"224\" height=\"300\" \/><\/a> <a href=\"https:\/\/i0.wp.com\/przedszkole8.pl\/wp-content\/uploads\/2022\/11\/2D138632-1E78-44DB-AC03-DA4233798776.jpeg?ssl=1\"><img data-recalc-dims=\"1\" loading=\"lazy\" decoding=\"async\" class=\"alignnone size-medium wp-image-10926\" src=\"https:\/\/i0.wp.com\/przedszkole8.pl\/wp-content\/uploads\/2022\/11\/2D138632-1E78-44DB-AC03-DA4233798776-300x225.jpeg?resize=300%2C225&#038;ssl=1\" alt=\"2d138632-1e78-44db-ac03-da4233798776\" width=\"300\" height=\"225\" \/><\/a><\/p>\n<p><a href=\"https:\/\/i0.wp.com\/przedszkole8.pl\/wp-content\/uploads\/2022\/11\/61DA23E2-7B3D-4492-8492-3F64666F3BDA.jpeg?ssl=1\"><img data-recalc-dims=\"1\" loading=\"lazy\" decoding=\"async\" class=\"alignnone size-medium wp-image-10925\" src=\"https:\/\/i0.wp.com\/przedszkole8.pl\/wp-content\/uploads\/2022\/11\/61DA23E2-7B3D-4492-8492-3F64666F3BDA-300x225.jpeg?resize=300%2C225&#038;ssl=1\" alt=\"61da23e2-7b3d-4492-8492-3f64666f3bda\" width=\"300\" height=\"225\" \/><\/a> <a href=\"https:\/\/i0.wp.com\/przedszkole8.pl\/wp-content\/uploads\/2022\/11\/44DB2038-A70C-4E7B-B812-2C1F7B5A3EAB.jpeg?ssl=1\"><img data-recalc-dims=\"1\" loading=\"lazy\" decoding=\"async\" class=\"alignnone size-medium wp-image-10924\" src=\"https:\/\/i0.wp.com\/przedszkole8.pl\/wp-content\/uploads\/2022\/11\/44DB2038-A70C-4E7B-B812-2C1F7B5A3EAB-224x300.jpeg?resize=224%2C300&#038;ssl=1\" alt=\"44db2038-a70c-4e7b-b812-2c1f7b5a3eab\" width=\"224\" height=\"300\" \/><\/a><\/p>\n<p><a href=\"https:\/\/i0.wp.com\/przedszkole8.pl\/wp-content\/uploads\/2022\/11\/1C0C5AEB-DB43-4073-BFD2-9933A11E80FB.jpeg?ssl=1\"><img data-recalc-dims=\"1\" loading=\"lazy\" decoding=\"async\" class=\"alignnone size-medium wp-image-10923\" src=\"https:\/\/i0.wp.com\/przedszkole8.pl\/wp-content\/uploads\/2022\/11\/1C0C5AEB-DB43-4073-BFD2-9933A11E80FB-300x225.jpeg?resize=300%2C225&#038;ssl=1\" alt=\"1c0c5aeb-db43-4073-bfd2-9933a11e80fb\" width=\"300\" height=\"225\" \/><\/a> <a href=\"https:\/\/i0.wp.com\/przedszkole8.pl\/wp-content\/uploads\/2022\/11\/0950E96C-A728-4A42-BF0E-B17432A2C408.jpeg?ssl=1\"><img data-recalc-dims=\"1\" loading=\"lazy\" decoding=\"async\" class=\"alignnone size-medium wp-image-10922\" src=\"https:\/\/i0.wp.com\/przedszkole8.pl\/wp-content\/uploads\/2022\/11\/0950E96C-A728-4A42-BF0E-B17432A2C408-300x225.jpeg?resize=300%2C225&#038;ssl=1\" alt=\"0950e96c-a728-4a42-bf0e-b17432a2c408\" width=\"300\" height=\"225\" \/><\/a><\/p>\n","protected":false},"excerpt":{"rendered":"<p>Regularny cykl spotka\u0144 z uczniami\u00a0ze szko\u0142y CKZiU\u00a0ma na celu promowanie kultury czytelniczej. Zar\u00f3wno m\u0142odzie\u017c, jak i nasze dzieci du\u017co ucz\u0105 si\u0119 nawzajem od siebie. &nbsp;<\/p>\n","protected":false},"author":25,"featured_media":0,"comment_status":"closed","ping_status":"closed","sticky":false,"template":"","format":"standard","meta":{"jetpack_post_was_ever_published":false,"_jetpack_newsletter_access":"","_jetpack_dont_email_post_to_subs":false,"_jetpack_newsletter_tier_id":0,"_jetpack_memberships_contains_paywalled_content":false,"_jetpack_memberships_contains_paid_content":false,"footnotes":"","jetpack_publicize_message":"","jetpack_publicize_feature_enabled":true,"jetpack_social_post_already_shared":true,"jetpack_social_options":{"image_generator_settings":{"template":"highway","default_image_id":0,"font":"","enabled":false},"version":2}},"categories":[39],"tags":[],"class_list":["post-10921","post","type-post","status-publish","format-standard","hentry","category-misie-2022-2023"],"jetpack_publicize_connections":[],"jetpack_featured_media_url":"","jetpack_sharing_enabled":true,"jetpack_shortlink":"https:\/\/wp.me\/p7NQjT-2Q9","jetpack-related-posts":[],"_links":{"self":[{"href":"https:\/\/przedszkole8.pl\/index.php?rest_route=\/wp\/v2\/posts\/10921","targetHints":{"allow":["GET"]}}],"collection":[{"href":"https:\/\/przedszkole8.pl\/index.php?rest_route=\/wp\/v2\/posts"}],"about":[{"href":"https:\/\/przedszkole8.pl\/index.php?rest_route=\/wp\/v2\/types\/post"}],"author":[{"embeddable":true,"href":"https:\/\/przedszkole8.pl\/index.php?rest_route=\/wp\/v2\/users\/25"}],"replies":[{"embeddable":true,"href":"https:\/\/przedszkole8.pl\/index.php?rest_route=%2Fwp%2Fv2%2Fcomments&post=10921"}],"version-history":[{"count":1,"href":"https:\/\/przedszkole8.pl\/index.php?rest_route=\/wp\/v2\/posts\/10921\/revisions"}],"predecessor-version":[{"id":10928,"href":"https:\/\/przedszkole8.pl\/index.php?rest_route=\/wp\/v2\/posts\/10921\/revisions\/10928"}],"wp:attachment":[{"href":"https:\/\/przedszkole8.pl\/index.php?rest_route=%2Fwp%2Fv2%2Fmedia&parent=10921"}],"wp:term":[{"taxonomy":"category","embeddable":true,"href":"https:\/\/przedszkole8.pl\/index.php?rest_route=%2Fwp%2Fv2%2Fcategories&post=10921"},{"taxonomy":"post_tag","embeddable":true,"href":"https:\/\/przedszkole8.pl\/index.php?rest_route=%2Fwp%2Fv2%2Ftags&post=10921"}],"curies":[{"name":"wp","href":"https:\/\/api.w.org\/{rel}","templated":true}]}}