{"id":10699,"date":"2022-10-09T15:03:50","date_gmt":"2022-10-09T15:03:50","guid":{"rendered":"http:\/\/przedszkole8.pl\/?p=10699"},"modified":"2022-10-09T15:03:50","modified_gmt":"2022-10-09T15:03:50","slug":"dzien-przedszkolaka-3","status":"publish","type":"post","link":"https:\/\/przedszkole8.pl\/?p=10699","title":{"rendered":"Dzie\u0144 Przedszkolaka"},"content":{"rendered":"<p>Dzie\u0144 Przedszkolaka w grupie Gumisi\u00f3w przebiega\u0142 w bardzo mi\u0142ej atmosferze i wype\u0142niony by\u0142 radosnymi zabawami integracyjnymi, mi\u0119dzy innymi z chust\u0105 animacyjn\u0105. Na dow\u00f3d znajomo\u015bci zasad kodeksu przedszkolaka i na to, \u017ce jeste\u015bmy prawdziwymi super przedszkolakami s\u0105 prezentowane przez nas medale.<\/p>\n<p><a href=\"https:\/\/i0.wp.com\/przedszkole8.pl\/wp-content\/uploads\/2022\/10\/16648928356531.jpg?ssl=1\"><img data-recalc-dims=\"1\" loading=\"lazy\" decoding=\"async\" class=\"alignnone size-medium wp-image-10700\" src=\"https:\/\/i0.wp.com\/przedszkole8.pl\/wp-content\/uploads\/2022\/10\/16648928356531-300x169.jpg?resize=300%2C169&#038;ssl=1\" alt=\"16648928356531\" width=\"300\" height=\"169\" \/><\/a><\/p>\n","protected":false},"excerpt":{"rendered":"<p>Dzie\u0144 Przedszkolaka w grupie Gumisi\u00f3w przebiega\u0142 w bardzo mi\u0142ej atmosferze i wype\u0142niony by\u0142 radosnymi zabawami integracyjnymi, mi\u0119dzy innymi z chust\u0105 animacyjn\u0105. Na dow\u00f3d znajomo\u015bci zasad kodeksu przedszkolaka i na to, \u017ce jeste\u015bmy prawdziwymi super przedszkolakami s\u0105 prezentowane przez nas medale.<\/p>\n","protected":false},"author":20,"featured_media":0,"comment_status":"closed","ping_status":"closed","sticky":false,"template":"","format":"standard","meta":{"jetpack_post_was_ever_published":false,"_jetpack_newsletter_access":"","_jetpack_dont_email_post_to_subs":false,"_jetpack_newsletter_tier_id":0,"_jetpack_memberships_contains_paywalled_content":false,"_jetpack_memberships_contains_paid_content":false,"footnotes":"","jetpack_publicize_message":"","jetpack_publicize_feature_enabled":true,"jetpack_social_post_already_shared":true,"jetpack_social_options":{"image_generator_settings":{"template":"highway","default_image_id":0,"font":"","enabled":false},"version":2}},"categories":[40],"tags":[],"class_list":["post-10699","post","type-post","status-publish","format-standard","hentry","category-gumisie-2022-2023"],"jetpack_publicize_connections":[],"jetpack_featured_media_url":"","jetpack_sharing_enabled":true,"jetpack_shortlink":"https:\/\/wp.me\/p7NQjT-2Mz","jetpack-related-posts":[],"_links":{"self":[{"href":"https:\/\/przedszkole8.pl\/index.php?rest_route=\/wp\/v2\/posts\/10699","targetHints":{"allow":["GET"]}}],"collection":[{"href":"https:\/\/przedszkole8.pl\/index.php?rest_route=\/wp\/v2\/posts"}],"about":[{"href":"https:\/\/przedszkole8.pl\/index.php?rest_route=\/wp\/v2\/types\/post"}],"author":[{"embeddable":true,"href":"https:\/\/przedszkole8.pl\/index.php?rest_route=\/wp\/v2\/users\/20"}],"replies":[{"embeddable":true,"href":"https:\/\/przedszkole8.pl\/index.php?rest_route=%2Fwp%2Fv2%2Fcomments&post=10699"}],"version-history":[{"count":1,"href":"https:\/\/przedszkole8.pl\/index.php?rest_route=\/wp\/v2\/posts\/10699\/revisions"}],"predecessor-version":[{"id":10701,"href":"https:\/\/przedszkole8.pl\/index.php?rest_route=\/wp\/v2\/posts\/10699\/revisions\/10701"}],"wp:attachment":[{"href":"https:\/\/przedszkole8.pl\/index.php?rest_route=%2Fwp%2Fv2%2Fmedia&parent=10699"}],"wp:term":[{"taxonomy":"category","embeddable":true,"href":"https:\/\/przedszkole8.pl\/index.php?rest_route=%2Fwp%2Fv2%2Fcategories&post=10699"},{"taxonomy":"post_tag","embeddable":true,"href":"https:\/\/przedszkole8.pl\/index.php?rest_route=%2Fwp%2Fv2%2Ftags&post=10699"}],"curies":[{"name":"wp","href":"https:\/\/api.w.org\/{rel}","templated":true}]}}