{"id":10590,"date":"2022-06-27T19:12:43","date_gmt":"2022-06-27T19:12:43","guid":{"rendered":"http:\/\/przedszkole8.pl\/?p=10590"},"modified":"2022-06-27T19:13:09","modified_gmt":"2022-06-27T19:13:09","slug":"spotkanie-ze-straznikiem-miejszkim","status":"publish","type":"post","link":"https:\/\/przedszkole8.pl\/?p=10590","title":{"rendered":"Spotkanie ze Stra\u017cnikiem Miejskim"},"content":{"rendered":"<p>W \u015brod\u0119 22 czerwca go\u015bcili\u015bmy w grupie Nied\u017awiadk\u00f3w Pani\u0105 ze Stra\u017cy Miejskiej w Gdyni. Pani stra\u017cnik przeprowadzi\u0142a pogadank\u0119 na temat bezpiecze\u0144stwa podczas wakacji: nad wod\u0105, w g\u00f3rach, w lesie, na wsi i w mie\u015bcie, z wykorzystaniem prezentacji komputerowej. Dzieci uwa\u017cnie s\u0142ucha\u0142y wakacyjnych rad i ciekawostek oraz wykaza\u0142y si\u0119 du\u017c\u0105 wiedz\u0105 zwi\u0105zan\u0105 z bezpiecze\u0144stwem i wakacyjn\u0105 przygod\u0105.<\/p>\n<p><a href=\"https:\/\/i0.wp.com\/przedszkole8.pl\/wp-content\/uploads\/2022\/06\/1656355440240.jpg?ssl=1\"><img data-recalc-dims=\"1\" loading=\"lazy\" decoding=\"async\" class=\"alignnone size-medium wp-image-10591\" src=\"https:\/\/i0.wp.com\/przedszkole8.pl\/wp-content\/uploads\/2022\/06\/1656355440240-300x169.jpg?resize=300%2C169&#038;ssl=1\" alt=\"1656355440240\" width=\"300\" height=\"169\" \/><\/a> <a href=\"https:\/\/i0.wp.com\/przedszkole8.pl\/wp-content\/uploads\/2022\/06\/1656355496654.jpg?ssl=1\"><img data-recalc-dims=\"1\" loading=\"lazy\" decoding=\"async\" class=\"alignnone size-medium wp-image-10592\" src=\"https:\/\/i0.wp.com\/przedszkole8.pl\/wp-content\/uploads\/2022\/06\/1656355496654-300x169.jpg?resize=300%2C169&#038;ssl=1\" alt=\"1656355496654\" width=\"300\" height=\"169\" \/><\/a> <a href=\"https:\/\/i0.wp.com\/przedszkole8.pl\/wp-content\/uploads\/2022\/06\/1656355537313.jpg?ssl=1\"><img data-recalc-dims=\"1\" loading=\"lazy\" decoding=\"async\" class=\"alignnone size-medium wp-image-10593\" src=\"https:\/\/i0.wp.com\/przedszkole8.pl\/wp-content\/uploads\/2022\/06\/1656355537313-300x169.jpg?resize=300%2C169&#038;ssl=1\" alt=\"1656355537313\" width=\"300\" height=\"169\" \/><\/a><\/p>\n","protected":false},"excerpt":{"rendered":"<p>W \u015brod\u0119 22 czerwca go\u015bcili\u015bmy w grupie Nied\u017awiadk\u00f3w Pani\u0105 ze Stra\u017cy Miejskiej w Gdyni. Pani stra\u017cnik przeprowadzi\u0142a pogadank\u0119 na temat bezpiecze\u0144stwa podczas wakacji: nad wod\u0105, w g\u00f3rach, w lesie, na wsi i w mie\u015bcie, z wykorzystaniem prezentacji komputerowej. Dzieci uwa\u017cnie s\u0142ucha\u0142y wakacyjnych rad i ciekawostek oraz wykaza\u0142y si\u0119 du\u017c\u0105 wiedz\u0105 zwi\u0105zan\u0105 z bezpiecze\u0144stwem i wakacyjn\u0105<\/p>\n","protected":false},"author":20,"featured_media":0,"comment_status":"closed","ping_status":"closed","sticky":false,"template":"","format":"standard","meta":{"jetpack_post_was_ever_published":false,"_jetpack_newsletter_access":"","_jetpack_dont_email_post_to_subs":true,"_jetpack_newsletter_tier_id":0,"_jetpack_memberships_contains_paywalled_content":false,"_jetpack_memberships_contains_paid_content":false,"footnotes":"","jetpack_publicize_message":"","jetpack_publicize_feature_enabled":true,"jetpack_social_post_already_shared":true,"jetpack_social_options":{"image_generator_settings":{"template":"highway","default_image_id":0,"font":"","enabled":false},"version":2}},"categories":[36],"tags":[],"class_list":["post-10590","post","type-post","status-publish","format-standard","hentry","category-niedzwiadki-2021-2022"],"jetpack_publicize_connections":[],"jetpack_featured_media_url":"","jetpack_sharing_enabled":true,"jetpack_shortlink":"https:\/\/wp.me\/p7NQjT-2KO","jetpack-related-posts":[],"_links":{"self":[{"href":"https:\/\/przedszkole8.pl\/index.php?rest_route=\/wp\/v2\/posts\/10590","targetHints":{"allow":["GET"]}}],"collection":[{"href":"https:\/\/przedszkole8.pl\/index.php?rest_route=\/wp\/v2\/posts"}],"about":[{"href":"https:\/\/przedszkole8.pl\/index.php?rest_route=\/wp\/v2\/types\/post"}],"author":[{"embeddable":true,"href":"https:\/\/przedszkole8.pl\/index.php?rest_route=\/wp\/v2\/users\/20"}],"replies":[{"embeddable":true,"href":"https:\/\/przedszkole8.pl\/index.php?rest_route=%2Fwp%2Fv2%2Fcomments&post=10590"}],"version-history":[{"count":2,"href":"https:\/\/przedszkole8.pl\/index.php?rest_route=\/wp\/v2\/posts\/10590\/revisions"}],"predecessor-version":[{"id":10595,"href":"https:\/\/przedszkole8.pl\/index.php?rest_route=\/wp\/v2\/posts\/10590\/revisions\/10595"}],"wp:attachment":[{"href":"https:\/\/przedszkole8.pl\/index.php?rest_route=%2Fwp%2Fv2%2Fmedia&parent=10590"}],"wp:term":[{"taxonomy":"category","embeddable":true,"href":"https:\/\/przedszkole8.pl\/index.php?rest_route=%2Fwp%2Fv2%2Fcategories&post=10590"},{"taxonomy":"post_tag","embeddable":true,"href":"https:\/\/przedszkole8.pl\/index.php?rest_route=%2Fwp%2Fv2%2Ftags&post=10590"}],"curies":[{"name":"wp","href":"https:\/\/api.w.org\/{rel}","templated":true}]}}