{"id":10394,"date":"2022-05-21T16:01:23","date_gmt":"2022-05-21T16:01:23","guid":{"rendered":"http:\/\/przedszkole8.pl\/?p=10394"},"modified":"2022-05-21T16:01:23","modified_gmt":"2022-05-21T16:01:23","slug":"wazne-informacje-3","status":"publish","type":"post","link":"https:\/\/przedszkole8.pl\/?p=10394","title":{"rendered":"Wa\u017cne informacje"},"content":{"rendered":"<p>W dniu wycieczki do sali widowiskowej na ulicy Rotterdamskiej na przedstawienie bajki &#8222;Alicja w krainie czar\u00f3w&#8221;, w \u015brod\u0119 25 maja, planujemy wyj\u015bcie z przedszkola o godzinie 8:15. Prosimy o wcze\u015bniejsze przyprowadzenie dzieci na \u015bniadanie.<\/p>\n<p>W czwartek 26 maja planujemy nagranie filmiku &#8211; przedstawienia dzieci z okazji Dnia Mamy i Dnia Taty. Prosimy o przygotowanie tego dnia eleganckich stroj\u00f3w dla dzieci wed\u0142ug Pa\u0144stwa uznania.<\/p>\n","protected":false},"excerpt":{"rendered":"<p>W dniu wycieczki do sali widowiskowej na ulicy Rotterdamskiej na przedstawienie bajki &#8222;Alicja w krainie czar\u00f3w&#8221;, w \u015brod\u0119 25 maja, planujemy wyj\u015bcie z przedszkola o godzinie 8:15. Prosimy o wcze\u015bniejsze przyprowadzenie dzieci na \u015bniadanie. W czwartek 26 maja planujemy nagranie filmiku &#8211; przedstawienia dzieci z okazji Dnia Mamy i Dnia Taty. Prosimy o przygotowanie tego<\/p>\n","protected":false},"author":20,"featured_media":0,"comment_status":"closed","ping_status":"closed","sticky":false,"template":"","format":"standard","meta":{"jetpack_post_was_ever_published":false,"_jetpack_newsletter_access":"","_jetpack_dont_email_post_to_subs":false,"_jetpack_newsletter_tier_id":0,"_jetpack_memberships_contains_paywalled_content":false,"_jetpack_memberships_contains_paid_content":false,"footnotes":"","jetpack_publicize_message":"","jetpack_publicize_feature_enabled":true,"jetpack_social_post_already_shared":true,"jetpack_social_options":{"image_generator_settings":{"template":"highway","default_image_id":0,"font":"","enabled":false},"version":2}},"categories":[36],"tags":[],"class_list":["post-10394","post","type-post","status-publish","format-standard","hentry","category-niedzwiadki-2021-2022"],"jetpack_publicize_connections":[],"jetpack_featured_media_url":"","jetpack_sharing_enabled":true,"jetpack_shortlink":"https:\/\/wp.me\/p7NQjT-2HE","jetpack-related-posts":[],"_links":{"self":[{"href":"https:\/\/przedszkole8.pl\/index.php?rest_route=\/wp\/v2\/posts\/10394","targetHints":{"allow":["GET"]}}],"collection":[{"href":"https:\/\/przedszkole8.pl\/index.php?rest_route=\/wp\/v2\/posts"}],"about":[{"href":"https:\/\/przedszkole8.pl\/index.php?rest_route=\/wp\/v2\/types\/post"}],"author":[{"embeddable":true,"href":"https:\/\/przedszkole8.pl\/index.php?rest_route=\/wp\/v2\/users\/20"}],"replies":[{"embeddable":true,"href":"https:\/\/przedszkole8.pl\/index.php?rest_route=%2Fwp%2Fv2%2Fcomments&post=10394"}],"version-history":[{"count":1,"href":"https:\/\/przedszkole8.pl\/index.php?rest_route=\/wp\/v2\/posts\/10394\/revisions"}],"predecessor-version":[{"id":10395,"href":"https:\/\/przedszkole8.pl\/index.php?rest_route=\/wp\/v2\/posts\/10394\/revisions\/10395"}],"wp:attachment":[{"href":"https:\/\/przedszkole8.pl\/index.php?rest_route=%2Fwp%2Fv2%2Fmedia&parent=10394"}],"wp:term":[{"taxonomy":"category","embeddable":true,"href":"https:\/\/przedszkole8.pl\/index.php?rest_route=%2Fwp%2Fv2%2Fcategories&post=10394"},{"taxonomy":"post_tag","embeddable":true,"href":"https:\/\/przedszkole8.pl\/index.php?rest_route=%2Fwp%2Fv2%2Ftags&post=10394"}],"curies":[{"name":"wp","href":"https:\/\/api.w.org\/{rel}","templated":true}]}}