{"id":10377,"date":"2022-05-16T09:02:40","date_gmt":"2022-05-16T09:02:40","guid":{"rendered":"http:\/\/przedszkole8.pl\/?p=10377"},"modified":"2022-05-16T09:06:16","modified_gmt":"2022-05-16T09:06:16","slug":"zapisy-na-sierpien-2","status":"publish","type":"post","link":"https:\/\/przedszkole8.pl\/?p=10377","title":{"rendered":"Zapisy na sierpie\u0144"},"content":{"rendered":"<p>Do 26 maja 2022 r. nale\u017cy z\u0142o\u017cy\u0107 w przedszkolu informacj\u0119 dotycz\u0105c\u0105 zapis\u00f3w na miesi\u0105c sierpie\u0144. Druk mo\u017cna pobra\u0107 u nauczycielek poszczeg\u00f3lnych grup lub klikn\u0105\u0107 w link znajduj\u0105cy si\u0119 poni\u017cej:<\/p>\n<p><a href=\"https:\/\/przedszkole8.pl\/wp-content\/uploads\/2022\/05\/Informacja-rodzica-dot.-wakacji-08.pdf\">informacja-rodzica-dot-wakacji-08<\/a><\/p>\n","protected":false},"excerpt":{"rendered":"<p>Do 26 maja 2022 r. nale\u017cy z\u0142o\u017cy\u0107 w przedszkolu informacj\u0119 dotycz\u0105c\u0105 zapis\u00f3w na miesi\u0105c sierpie\u0144. Druk mo\u017cna pobra\u0107 u nauczycielek poszczeg\u00f3lnych grup lub klikn\u0105\u0107 w link znajduj\u0105cy si\u0119 poni\u017cej: informacja-rodzica-dot-wakacji-08<\/p>\n","protected":false},"author":1,"featured_media":0,"comment_status":"closed","ping_status":"closed","sticky":false,"template":"","format":"standard","meta":{"jetpack_post_was_ever_published":false,"_jetpack_newsletter_access":"","_jetpack_dont_email_post_to_subs":true,"_jetpack_newsletter_tier_id":0,"_jetpack_memberships_contains_paywalled_content":false,"_jetpack_memberships_contains_paid_content":false,"footnotes":"","jetpack_publicize_message":"","jetpack_publicize_feature_enabled":true,"jetpack_social_post_already_shared":true,"jetpack_social_options":{"image_generator_settings":{"template":"highway","default_image_id":0,"font":"","enabled":false},"version":2}},"categories":[16],"tags":[],"class_list":["post-10377","post","type-post","status-publish","format-standard","hentry","category-nowosci"],"jetpack_publicize_connections":[],"jetpack_featured_media_url":"","jetpack_sharing_enabled":true,"jetpack_shortlink":"https:\/\/wp.me\/p7NQjT-2Hn","jetpack-related-posts":[],"_links":{"self":[{"href":"https:\/\/przedszkole8.pl\/index.php?rest_route=\/wp\/v2\/posts\/10377","targetHints":{"allow":["GET"]}}],"collection":[{"href":"https:\/\/przedszkole8.pl\/index.php?rest_route=\/wp\/v2\/posts"}],"about":[{"href":"https:\/\/przedszkole8.pl\/index.php?rest_route=\/wp\/v2\/types\/post"}],"author":[{"embeddable":true,"href":"https:\/\/przedszkole8.pl\/index.php?rest_route=\/wp\/v2\/users\/1"}],"replies":[{"embeddable":true,"href":"https:\/\/przedszkole8.pl\/index.php?rest_route=%2Fwp%2Fv2%2Fcomments&post=10377"}],"version-history":[{"count":4,"href":"https:\/\/przedszkole8.pl\/index.php?rest_route=\/wp\/v2\/posts\/10377\/revisions"}],"predecessor-version":[{"id":10383,"href":"https:\/\/przedszkole8.pl\/index.php?rest_route=\/wp\/v2\/posts\/10377\/revisions\/10383"}],"wp:attachment":[{"href":"https:\/\/przedszkole8.pl\/index.php?rest_route=%2Fwp%2Fv2%2Fmedia&parent=10377"}],"wp:term":[{"taxonomy":"category","embeddable":true,"href":"https:\/\/przedszkole8.pl\/index.php?rest_route=%2Fwp%2Fv2%2Fcategories&post=10377"},{"taxonomy":"post_tag","embeddable":true,"href":"https:\/\/przedszkole8.pl\/index.php?rest_route=%2Fwp%2Fv2%2Ftags&post=10377"}],"curies":[{"name":"wp","href":"https:\/\/api.w.org\/{rel}","templated":true}]}}