{"id":10272,"date":"2022-04-28T08:35:08","date_gmt":"2022-04-28T08:35:08","guid":{"rendered":"http:\/\/przedszkole8.pl\/?p=10272"},"modified":"2022-04-28T08:35:08","modified_gmt":"2022-04-28T08:35:08","slug":"lista-przyjetych-i-nieprzyjetych-dzieci","status":"publish","type":"post","link":"https:\/\/przedszkole8.pl\/?p=10272","title":{"rendered":"Lista przyj\u0119tych i nieprzyj\u0119tych dzieci"},"content":{"rendered":"<p>W dniu dzisiejszym (tj. 28.04) o godzinie 12:00 w przedsionku przedszkola zostanie wywieszona lista dzieci przyj\u0119tych i nieprzyj\u0119tych na rok szkolny 2022\/2023. Zgodnie z art. 158 ustawy Prawo O\u015bwiatowe z dnia 14.12.2016 r. rodzice dzieci nieprzyj\u0119tych maj\u0105 prawo odwo\u0142a\u0107 si\u0119 od decyzji komisji rekrutacyjnej. Ca\u0142a procedura odwo\u0142awcza znajduje si\u0119 w w\/w artykule ustawy.<\/p>\n","protected":false},"excerpt":{"rendered":"<p>W dniu dzisiejszym (tj. 28.04) o godzinie 12:00 w przedsionku przedszkola zostanie wywieszona lista dzieci przyj\u0119tych i nieprzyj\u0119tych na rok szkolny 2022\/2023. Zgodnie z art. 158 ustawy Prawo O\u015bwiatowe z dnia 14.12.2016 r. rodzice dzieci nieprzyj\u0119tych maj\u0105 prawo odwo\u0142a\u0107 si\u0119 od decyzji komisji rekrutacyjnej. Ca\u0142a procedura odwo\u0142awcza znajduje si\u0119 w w\/w artykule ustawy.<\/p>\n","protected":false},"author":1,"featured_media":0,"comment_status":"closed","ping_status":"closed","sticky":false,"template":"","format":"standard","meta":{"jetpack_post_was_ever_published":false,"_jetpack_newsletter_access":"","_jetpack_dont_email_post_to_subs":false,"_jetpack_newsletter_tier_id":0,"_jetpack_memberships_contains_paywalled_content":false,"_jetpack_memberships_contains_paid_content":false,"footnotes":"","jetpack_publicize_message":"","jetpack_publicize_feature_enabled":true,"jetpack_social_post_already_shared":true,"jetpack_social_options":{"image_generator_settings":{"template":"highway","default_image_id":0,"font":"","enabled":false},"version":2}},"categories":[16],"tags":[],"class_list":["post-10272","post","type-post","status-publish","format-standard","hentry","category-nowosci"],"jetpack_publicize_connections":[],"jetpack_featured_media_url":"","jetpack_sharing_enabled":true,"jetpack_shortlink":"https:\/\/wp.me\/p7NQjT-2FG","jetpack-related-posts":[],"_links":{"self":[{"href":"https:\/\/przedszkole8.pl\/index.php?rest_route=\/wp\/v2\/posts\/10272","targetHints":{"allow":["GET"]}}],"collection":[{"href":"https:\/\/przedszkole8.pl\/index.php?rest_route=\/wp\/v2\/posts"}],"about":[{"href":"https:\/\/przedszkole8.pl\/index.php?rest_route=\/wp\/v2\/types\/post"}],"author":[{"embeddable":true,"href":"https:\/\/przedszkole8.pl\/index.php?rest_route=\/wp\/v2\/users\/1"}],"replies":[{"embeddable":true,"href":"https:\/\/przedszkole8.pl\/index.php?rest_route=%2Fwp%2Fv2%2Fcomments&post=10272"}],"version-history":[{"count":1,"href":"https:\/\/przedszkole8.pl\/index.php?rest_route=\/wp\/v2\/posts\/10272\/revisions"}],"predecessor-version":[{"id":10273,"href":"https:\/\/przedszkole8.pl\/index.php?rest_route=\/wp\/v2\/posts\/10272\/revisions\/10273"}],"wp:attachment":[{"href":"https:\/\/przedszkole8.pl\/index.php?rest_route=%2Fwp%2Fv2%2Fmedia&parent=10272"}],"wp:term":[{"taxonomy":"category","embeddable":true,"href":"https:\/\/przedszkole8.pl\/index.php?rest_route=%2Fwp%2Fv2%2Fcategories&post=10272"},{"taxonomy":"post_tag","embeddable":true,"href":"https:\/\/przedszkole8.pl\/index.php?rest_route=%2Fwp%2Fv2%2Ftags&post=10272"}],"curies":[{"name":"wp","href":"https:\/\/api.w.org\/{rel}","templated":true}]}}