{"id":10261,"date":"2022-04-27T16:40:57","date_gmt":"2022-04-27T16:40:57","guid":{"rendered":"http:\/\/przedszkole8.pl\/?p=10261"},"modified":"2022-04-27T16:40:57","modified_gmt":"2022-04-27T16:40:57","slug":"przedszkolny-przeglad-piosenki-o-przyjazni","status":"publish","type":"post","link":"https:\/\/przedszkole8.pl\/?p=10261","title":{"rendered":"Przedszkolny przegl\u0105d piosenki o przyja\u017ani"},"content":{"rendered":"<p>Dzi\u015b 27 kwietnia odby\u0142 si\u0119 przedszkolny przegl\u0105d piosenki o przyja\u017ani. Ta \u015broda okaza\u0142a si\u0119 bardziej muzyczna ni\u017c zwykle. Podczas wyst\u0119p\u00f3w dzieci z grup III, IV i V ujawni\u0142y si\u0119 nie tylko muzykalno\u015b\u0107 i talent naszych przedszkolak\u00f3w, ale r\u00f3wnie\u017c ogromne emocje, rado\u015b\u0107 dzieci na scenie i na widowni, oraz ogromna ch\u0119\u0107 bycia przyjacielem i posiadania przyjaciela. Dzieci \u015bpiewa\u0142y z ca\u0142\u0105 grup\u0105 przedszkoln\u0105 lub w mniejszej grupie. Nie zabrak\u0142o ochotnik\u00f3w do wyst\u0105pienia na scenie spontanicznie, bez przygotowania, ale tylko z przyjacielem, przyjaci\u00f3\u0142k\u0105.<\/p>\n<p><a href=\"https:\/\/i0.wp.com\/przedszkole8.pl\/wp-content\/uploads\/2022\/04\/1651070565648.jpg?ssl=1\"><img data-recalc-dims=\"1\" loading=\"lazy\" decoding=\"async\" class=\"alignnone size-medium wp-image-10262\" src=\"https:\/\/i0.wp.com\/przedszkole8.pl\/wp-content\/uploads\/2022\/04\/1651070565648-300x169.jpg?resize=300%2C169&#038;ssl=1\" alt=\"1651070565648\" width=\"300\" height=\"169\" \/><\/a> <a href=\"https:\/\/i0.wp.com\/przedszkole8.pl\/wp-content\/uploads\/2022\/04\/1651070638367-1.jpg?ssl=1\"><img data-recalc-dims=\"1\" loading=\"lazy\" decoding=\"async\" class=\"alignnone size-medium wp-image-10264\" src=\"https:\/\/i0.wp.com\/przedszkole8.pl\/wp-content\/uploads\/2022\/04\/1651070638367-1-300x169.jpg?resize=300%2C169&#038;ssl=1\" alt=\"1651070638367\" width=\"300\" height=\"169\" \/><\/a> <a href=\"https:\/\/i0.wp.com\/przedszkole8.pl\/wp-content\/uploads\/2022\/04\/1651070685199.jpg?ssl=1\"><img data-recalc-dims=\"1\" loading=\"lazy\" decoding=\"async\" class=\"alignnone size-medium wp-image-10265\" src=\"https:\/\/i0.wp.com\/przedszkole8.pl\/wp-content\/uploads\/2022\/04\/1651070685199-300x169.jpg?resize=300%2C169&#038;ssl=1\" alt=\"1651070685199\" width=\"300\" height=\"169\" \/><\/a> <a href=\"https:\/\/i0.wp.com\/przedszkole8.pl\/wp-content\/uploads\/2022\/04\/1651070609176.jpg?ssl=1\"><img data-recalc-dims=\"1\" loading=\"lazy\" decoding=\"async\" class=\"alignnone size-medium wp-image-10266\" src=\"https:\/\/i0.wp.com\/przedszkole8.pl\/wp-content\/uploads\/2022\/04\/1651070609176-300x169.jpg?resize=300%2C169&#038;ssl=1\" alt=\"1651070609176\" width=\"300\" height=\"169\" \/><\/a> <a href=\"https:\/\/i0.wp.com\/przedszkole8.pl\/wp-content\/uploads\/2022\/04\/1651070748970.jpg?ssl=1\"><img data-recalc-dims=\"1\" loading=\"lazy\" decoding=\"async\" class=\"alignnone size-medium wp-image-10267\" src=\"https:\/\/i0.wp.com\/przedszkole8.pl\/wp-content\/uploads\/2022\/04\/1651070748970-300x169.jpg?resize=300%2C169&#038;ssl=1\" alt=\"1651070748970\" width=\"300\" height=\"169\" \/><\/a> <a href=\"https:\/\/i0.wp.com\/przedszkole8.pl\/wp-content\/uploads\/2022\/04\/1651070790195.jpg?ssl=1\"><img data-recalc-dims=\"1\" loading=\"lazy\" decoding=\"async\" class=\"alignnone size-medium wp-image-10268\" src=\"https:\/\/i0.wp.com\/przedszkole8.pl\/wp-content\/uploads\/2022\/04\/1651070790195-300x169.jpg?resize=300%2C169&#038;ssl=1\" alt=\"1651070790195\" width=\"300\" height=\"169\" \/><\/a> <a href=\"https:\/\/i0.wp.com\/przedszkole8.pl\/wp-content\/uploads\/2022\/04\/1651070825827.jpg?ssl=1\"><img data-recalc-dims=\"1\" loading=\"lazy\" decoding=\"async\" class=\"alignnone size-medium wp-image-10269\" src=\"https:\/\/i0.wp.com\/przedszkole8.pl\/wp-content\/uploads\/2022\/04\/1651070825827-300x169.jpg?resize=300%2C169&#038;ssl=1\" alt=\"1651070825827\" width=\"300\" height=\"169\" \/><\/a> <a href=\"https:\/\/i0.wp.com\/przedszkole8.pl\/wp-content\/uploads\/2022\/04\/1651070858824.jpg?ssl=1\"><img data-recalc-dims=\"1\" loading=\"lazy\" decoding=\"async\" class=\"alignnone size-medium wp-image-10270\" src=\"https:\/\/i0.wp.com\/przedszkole8.pl\/wp-content\/uploads\/2022\/04\/1651070858824-300x169.jpg?resize=300%2C169&#038;ssl=1\" alt=\"1651070858824\" width=\"300\" height=\"169\" \/><\/a><\/p>\n","protected":false},"excerpt":{"rendered":"<p>Dzi\u015b 27 kwietnia odby\u0142 si\u0119 przedszkolny przegl\u0105d piosenki o przyja\u017ani. Ta \u015broda okaza\u0142a si\u0119 bardziej muzyczna ni\u017c zwykle. Podczas wyst\u0119p\u00f3w dzieci z grup III, IV i V ujawni\u0142y si\u0119 nie tylko muzykalno\u015b\u0107 i talent naszych przedszkolak\u00f3w, ale r\u00f3wnie\u017c ogromne emocje, rado\u015b\u0107 dzieci na scenie i na widowni, oraz ogromna ch\u0119\u0107 bycia przyjacielem i posiadania przyjaciela.<\/p>\n","protected":false},"author":20,"featured_media":0,"comment_status":"closed","ping_status":"closed","sticky":false,"template":"","format":"standard","meta":{"jetpack_post_was_ever_published":false,"_jetpack_newsletter_access":"","_jetpack_dont_email_post_to_subs":false,"_jetpack_newsletter_tier_id":0,"_jetpack_memberships_contains_paywalled_content":false,"_jetpack_memberships_contains_paid_content":false,"footnotes":"","jetpack_publicize_message":"","jetpack_publicize_feature_enabled":true,"jetpack_social_post_already_shared":true,"jetpack_social_options":{"image_generator_settings":{"template":"highway","default_image_id":0,"font":"","enabled":false},"version":2}},"categories":[15],"tags":[],"class_list":["post-10261","post","type-post","status-publish","format-standard","hentry","category-z-zycia-przedszkola"],"jetpack_publicize_connections":[],"jetpack_featured_media_url":"","jetpack_sharing_enabled":true,"jetpack_shortlink":"https:\/\/wp.me\/p7NQjT-2Fv","jetpack-related-posts":[],"_links":{"self":[{"href":"https:\/\/przedszkole8.pl\/index.php?rest_route=\/wp\/v2\/posts\/10261","targetHints":{"allow":["GET"]}}],"collection":[{"href":"https:\/\/przedszkole8.pl\/index.php?rest_route=\/wp\/v2\/posts"}],"about":[{"href":"https:\/\/przedszkole8.pl\/index.php?rest_route=\/wp\/v2\/types\/post"}],"author":[{"embeddable":true,"href":"https:\/\/przedszkole8.pl\/index.php?rest_route=\/wp\/v2\/users\/20"}],"replies":[{"embeddable":true,"href":"https:\/\/przedszkole8.pl\/index.php?rest_route=%2Fwp%2Fv2%2Fcomments&post=10261"}],"version-history":[{"count":1,"href":"https:\/\/przedszkole8.pl\/index.php?rest_route=\/wp\/v2\/posts\/10261\/revisions"}],"predecessor-version":[{"id":10271,"href":"https:\/\/przedszkole8.pl\/index.php?rest_route=\/wp\/v2\/posts\/10261\/revisions\/10271"}],"wp:attachment":[{"href":"https:\/\/przedszkole8.pl\/index.php?rest_route=%2Fwp%2Fv2%2Fmedia&parent=10261"}],"wp:term":[{"taxonomy":"category","embeddable":true,"href":"https:\/\/przedszkole8.pl\/index.php?rest_route=%2Fwp%2Fv2%2Fcategories&post=10261"},{"taxonomy":"post_tag","embeddable":true,"href":"https:\/\/przedszkole8.pl\/index.php?rest_route=%2Fwp%2Fv2%2Ftags&post=10261"}],"curies":[{"name":"wp","href":"https:\/\/api.w.org\/{rel}","templated":true}]}}