{"id":10237,"date":"2022-04-25T13:21:04","date_gmt":"2022-04-25T13:21:04","guid":{"rendered":"http:\/\/przedszkole8.pl\/?p=10237"},"modified":"2022-04-25T13:21:04","modified_gmt":"2022-04-25T13:21:04","slug":"w-szkole-podstawowej-nr-52","status":"publish","type":"post","link":"https:\/\/przedszkole8.pl\/?p=10237","title":{"rendered":"W Szkole Podstawowej nr 52"},"content":{"rendered":"<p>Dzisiaj 25 kwietnia odby\u0142a si\u0119 piesza wycieczka do Szko\u0142y Podstawowej nr 52. Bardzo serdecznie nas tam przyj\u0119to i przygotowano du\u017co atrakcji. Zwiedzili\u015bmy szko\u0142\u0119, poznali\u015bmy mi\u0142e panie nauczycielki i pani\u0105 dyrektor. Dowiedzieli\u015bmy si\u0119 czego mo\u017cna si\u0119 nauczy\u0107 w szkole, jak b\u0119dziemy sp\u0119dza\u0107 czas w szkolnych murach. W szkolnej \u015bwietlicy odby\u0142y si\u0119 zaj\u0119cia z kreatywno\u015bci, a kreatywno\u015b\u0107 to nasza specjalno\u015b\u0107. Wszystko nam si\u0119 bardzo podoba\u0142o, a szczeg\u00f3lnie sala judo, gdzie nasza kreatywno\u015b\u0107 sportowa si\u0119ga\u0142a wysokiej p\u00f3\u0142ki.<\/p>\n<p><a href=\"https:\/\/i0.wp.com\/przedszkole8.pl\/wp-content\/uploads\/2022\/04\/1650889295608.jpg?ssl=1\"><img data-recalc-dims=\"1\" loading=\"lazy\" decoding=\"async\" class=\"alignnone size-medium wp-image-10238\" src=\"https:\/\/i0.wp.com\/przedszkole8.pl\/wp-content\/uploads\/2022\/04\/1650889295608-300x169.jpg?resize=300%2C169&#038;ssl=1\" alt=\"1650889295608\" width=\"300\" height=\"169\" \/><\/a> <a href=\"https:\/\/i0.wp.com\/przedszkole8.pl\/wp-content\/uploads\/2022\/04\/1650889336123.jpg?ssl=1\"><img data-recalc-dims=\"1\" loading=\"lazy\" decoding=\"async\" class=\"alignnone size-medium wp-image-10239\" src=\"https:\/\/i0.wp.com\/przedszkole8.pl\/wp-content\/uploads\/2022\/04\/1650889336123-300x169.jpg?resize=300%2C169&#038;ssl=1\" alt=\"1650889336123\" width=\"300\" height=\"169\" \/><\/a> <a href=\"https:\/\/i0.wp.com\/przedszkole8.pl\/wp-content\/uploads\/2022\/04\/1650889384964.jpg?ssl=1\"><img data-recalc-dims=\"1\" loading=\"lazy\" decoding=\"async\" class=\"alignnone size-medium wp-image-10240\" src=\"https:\/\/i0.wp.com\/przedszkole8.pl\/wp-content\/uploads\/2022\/04\/1650889384964-300x169.jpg?resize=300%2C169&#038;ssl=1\" alt=\"1650889384964\" width=\"300\" height=\"169\" \/><\/a> <a href=\"https:\/\/i0.wp.com\/przedszkole8.pl\/wp-content\/uploads\/2022\/04\/1650889448859.jpg?ssl=1\"><img data-recalc-dims=\"1\" loading=\"lazy\" decoding=\"async\" class=\"alignnone size-medium wp-image-10241\" src=\"https:\/\/i0.wp.com\/przedszkole8.pl\/wp-content\/uploads\/2022\/04\/1650889448859-169x300.jpg?resize=169%2C300&#038;ssl=1\" alt=\"1650889448859\" width=\"169\" height=\"300\" \/><\/a> <a href=\"https:\/\/i0.wp.com\/przedszkole8.pl\/wp-content\/uploads\/2022\/04\/1650889530832.jpg?ssl=1\"><img data-recalc-dims=\"1\" loading=\"lazy\" decoding=\"async\" class=\"alignnone size-medium wp-image-10242\" src=\"https:\/\/i0.wp.com\/przedszkole8.pl\/wp-content\/uploads\/2022\/04\/1650889530832-300x169.jpg?resize=300%2C169&#038;ssl=1\" alt=\"1650889530832\" width=\"300\" height=\"169\" \/><\/a> <a href=\"https:\/\/i0.wp.com\/przedszkole8.pl\/wp-content\/uploads\/2022\/04\/1650889568638.jpg?ssl=1\"><img data-recalc-dims=\"1\" loading=\"lazy\" decoding=\"async\" class=\"alignnone size-medium wp-image-10243\" src=\"https:\/\/i0.wp.com\/przedszkole8.pl\/wp-content\/uploads\/2022\/04\/1650889568638-300x169.jpg?resize=300%2C169&#038;ssl=1\" alt=\"1650889568638\" width=\"300\" height=\"169\" \/><\/a><\/p>\n","protected":false},"excerpt":{"rendered":"<p>Dzisiaj 25 kwietnia odby\u0142a si\u0119 piesza wycieczka do Szko\u0142y Podstawowej nr 52. Bardzo serdecznie nas tam przyj\u0119to i przygotowano du\u017co atrakcji. Zwiedzili\u015bmy szko\u0142\u0119, poznali\u015bmy mi\u0142e panie nauczycielki i pani\u0105 dyrektor. Dowiedzieli\u015bmy si\u0119 czego mo\u017cna si\u0119 nauczy\u0107 w szkole, jak b\u0119dziemy sp\u0119dza\u0107 czas w szkolnych murach. W szkolnej \u015bwietlicy odby\u0142y si\u0119 zaj\u0119cia z kreatywno\u015bci, a kreatywno\u015b\u0107<\/p>\n","protected":false},"author":20,"featured_media":0,"comment_status":"closed","ping_status":"closed","sticky":false,"template":"","format":"standard","meta":{"jetpack_post_was_ever_published":false,"_jetpack_newsletter_access":"","_jetpack_dont_email_post_to_subs":false,"_jetpack_newsletter_tier_id":0,"_jetpack_memberships_contains_paywalled_content":false,"_jetpack_memberships_contains_paid_content":false,"footnotes":"","jetpack_publicize_message":"","jetpack_publicize_feature_enabled":true,"jetpack_social_post_already_shared":true,"jetpack_social_options":{"image_generator_settings":{"template":"highway","default_image_id":0,"font":"","enabled":false},"version":2}},"categories":[36],"tags":[],"class_list":["post-10237","post","type-post","status-publish","format-standard","hentry","category-niedzwiadki-2021-2022"],"jetpack_publicize_connections":[],"jetpack_featured_media_url":"","jetpack_sharing_enabled":true,"jetpack_shortlink":"https:\/\/wp.me\/p7NQjT-2F7","jetpack-related-posts":[],"_links":{"self":[{"href":"https:\/\/przedszkole8.pl\/index.php?rest_route=\/wp\/v2\/posts\/10237","targetHints":{"allow":["GET"]}}],"collection":[{"href":"https:\/\/przedszkole8.pl\/index.php?rest_route=\/wp\/v2\/posts"}],"about":[{"href":"https:\/\/przedszkole8.pl\/index.php?rest_route=\/wp\/v2\/types\/post"}],"author":[{"embeddable":true,"href":"https:\/\/przedszkole8.pl\/index.php?rest_route=\/wp\/v2\/users\/20"}],"replies":[{"embeddable":true,"href":"https:\/\/przedszkole8.pl\/index.php?rest_route=%2Fwp%2Fv2%2Fcomments&post=10237"}],"version-history":[{"count":1,"href":"https:\/\/przedszkole8.pl\/index.php?rest_route=\/wp\/v2\/posts\/10237\/revisions"}],"predecessor-version":[{"id":10245,"href":"https:\/\/przedszkole8.pl\/index.php?rest_route=\/wp\/v2\/posts\/10237\/revisions\/10245"}],"wp:attachment":[{"href":"https:\/\/przedszkole8.pl\/index.php?rest_route=%2Fwp%2Fv2%2Fmedia&parent=10237"}],"wp:term":[{"taxonomy":"category","embeddable":true,"href":"https:\/\/przedszkole8.pl\/index.php?rest_route=%2Fwp%2Fv2%2Fcategories&post=10237"},{"taxonomy":"post_tag","embeddable":true,"href":"https:\/\/przedszkole8.pl\/index.php?rest_route=%2Fwp%2Fv2%2Ftags&post=10237"}],"curies":[{"name":"wp","href":"https:\/\/api.w.org\/{rel}","templated":true}]}}