{"id":10231,"date":"2022-04-22T07:37:46","date_gmt":"2022-04-22T07:37:46","guid":{"rendered":"http:\/\/przedszkole8.pl\/?p=10231"},"modified":"2022-04-22T07:37:46","modified_gmt":"2022-04-22T07:37:46","slug":"wycieczka-do-szkoly-podstawowej-nr-52","status":"publish","type":"post","link":"https:\/\/przedszkole8.pl\/?p=10231","title":{"rendered":"Wycieczka do Szko\u0142y Podstawowej nr 52"},"content":{"rendered":"<p>W poniedzia\u0142ek 25 kwietnia jest zaplanowana dla naszej grupy piesza wycieczka do Szko\u0142y Podstawowej nr 52 na ul. Okrzei w Gdyni. Z naszego przedszkola wychodzimy o godzinie 8:15. Prosimy o wcze\u015bniejsze przyprowadzenie dzieci, \u017ceby zd\u0105\u017cy\u0142y zje\u015b\u0107 \u015bniadanie.<\/p>\n","protected":false},"excerpt":{"rendered":"<p>W poniedzia\u0142ek 25 kwietnia jest zaplanowana dla naszej grupy piesza wycieczka do Szko\u0142y Podstawowej nr 52 na ul. Okrzei w Gdyni. Z naszego przedszkola wychodzimy o godzinie 8:15. Prosimy o wcze\u015bniejsze przyprowadzenie dzieci, \u017ceby zd\u0105\u017cy\u0142y zje\u015b\u0107 \u015bniadanie.<\/p>\n","protected":false},"author":20,"featured_media":0,"comment_status":"closed","ping_status":"closed","sticky":false,"template":"","format":"standard","meta":{"jetpack_post_was_ever_published":false,"_jetpack_newsletter_access":"","_jetpack_dont_email_post_to_subs":false,"_jetpack_newsletter_tier_id":0,"_jetpack_memberships_contains_paywalled_content":false,"_jetpack_memberships_contains_paid_content":false,"footnotes":"","jetpack_publicize_message":"","jetpack_publicize_feature_enabled":true,"jetpack_social_post_already_shared":true,"jetpack_social_options":{"image_generator_settings":{"template":"highway","default_image_id":0,"font":"","enabled":false},"version":2}},"categories":[36],"tags":[],"class_list":["post-10231","post","type-post","status-publish","format-standard","hentry","category-niedzwiadki-2021-2022"],"jetpack_publicize_connections":[],"jetpack_featured_media_url":"","jetpack_sharing_enabled":true,"jetpack_shortlink":"https:\/\/wp.me\/p7NQjT-2F1","jetpack-related-posts":[],"_links":{"self":[{"href":"https:\/\/przedszkole8.pl\/index.php?rest_route=\/wp\/v2\/posts\/10231","targetHints":{"allow":["GET"]}}],"collection":[{"href":"https:\/\/przedszkole8.pl\/index.php?rest_route=\/wp\/v2\/posts"}],"about":[{"href":"https:\/\/przedszkole8.pl\/index.php?rest_route=\/wp\/v2\/types\/post"}],"author":[{"embeddable":true,"href":"https:\/\/przedszkole8.pl\/index.php?rest_route=\/wp\/v2\/users\/20"}],"replies":[{"embeddable":true,"href":"https:\/\/przedszkole8.pl\/index.php?rest_route=%2Fwp%2Fv2%2Fcomments&post=10231"}],"version-history":[{"count":1,"href":"https:\/\/przedszkole8.pl\/index.php?rest_route=\/wp\/v2\/posts\/10231\/revisions"}],"predecessor-version":[{"id":10232,"href":"https:\/\/przedszkole8.pl\/index.php?rest_route=\/wp\/v2\/posts\/10231\/revisions\/10232"}],"wp:attachment":[{"href":"https:\/\/przedszkole8.pl\/index.php?rest_route=%2Fwp%2Fv2%2Fmedia&parent=10231"}],"wp:term":[{"taxonomy":"category","embeddable":true,"href":"https:\/\/przedszkole8.pl\/index.php?rest_route=%2Fwp%2Fv2%2Fcategories&post=10231"},{"taxonomy":"post_tag","embeddable":true,"href":"https:\/\/przedszkole8.pl\/index.php?rest_route=%2Fwp%2Fv2%2Ftags&post=10231"}],"curies":[{"name":"wp","href":"https:\/\/api.w.org\/{rel}","templated":true}]}}