{"id":10229,"date":"2022-04-22T07:33:33","date_gmt":"2022-04-22T07:33:33","guid":{"rendered":"http:\/\/przedszkole8.pl\/?p=10229"},"modified":"2022-04-22T07:33:33","modified_gmt":"2022-04-22T07:33:33","slug":"zebranie-rodzicow","status":"publish","type":"post","link":"https:\/\/przedszkole8.pl\/?p=10229","title":{"rendered":"Zebranie Rodzic\u00f3w"},"content":{"rendered":"<p>Zebranie Rodzic\u00f3w dzieci z grupy V odb\u0119dzie si\u0119 28 kwietnia o godzinie 16:30 w sali grupy IV. Przeka\u017cemy Pa\u0144stwu Informacje o gotowo\u015bci szkolnej dziecka. Na zebranie zapraszamy jednego rodzica i bardzo prosimy o przyj\u015bcie bez dzieci.<\/p>\n","protected":false},"excerpt":{"rendered":"<p>Zebranie Rodzic\u00f3w dzieci z grupy V odb\u0119dzie si\u0119 28 kwietnia o godzinie 16:30 w sali grupy IV. Przeka\u017cemy Pa\u0144stwu Informacje o gotowo\u015bci szkolnej dziecka. Na zebranie zapraszamy jednego rodzica i bardzo prosimy o przyj\u015bcie bez dzieci.<\/p>\n","protected":false},"author":20,"featured_media":0,"comment_status":"closed","ping_status":"closed","sticky":false,"template":"","format":"standard","meta":{"jetpack_post_was_ever_published":false,"_jetpack_newsletter_access":"","_jetpack_dont_email_post_to_subs":false,"_jetpack_newsletter_tier_id":0,"_jetpack_memberships_contains_paywalled_content":false,"_jetpack_memberships_contains_paid_content":false,"footnotes":"","jetpack_publicize_message":"","jetpack_publicize_feature_enabled":true,"jetpack_social_post_already_shared":true,"jetpack_social_options":{"image_generator_settings":{"template":"highway","default_image_id":0,"font":"","enabled":false},"version":2}},"categories":[36],"tags":[],"class_list":["post-10229","post","type-post","status-publish","format-standard","hentry","category-niedzwiadki-2021-2022"],"jetpack_publicize_connections":[],"jetpack_featured_media_url":"","jetpack_sharing_enabled":true,"jetpack_shortlink":"https:\/\/wp.me\/p7NQjT-2EZ","jetpack-related-posts":[],"_links":{"self":[{"href":"https:\/\/przedszkole8.pl\/index.php?rest_route=\/wp\/v2\/posts\/10229","targetHints":{"allow":["GET"]}}],"collection":[{"href":"https:\/\/przedszkole8.pl\/index.php?rest_route=\/wp\/v2\/posts"}],"about":[{"href":"https:\/\/przedszkole8.pl\/index.php?rest_route=\/wp\/v2\/types\/post"}],"author":[{"embeddable":true,"href":"https:\/\/przedszkole8.pl\/index.php?rest_route=\/wp\/v2\/users\/20"}],"replies":[{"embeddable":true,"href":"https:\/\/przedszkole8.pl\/index.php?rest_route=%2Fwp%2Fv2%2Fcomments&post=10229"}],"version-history":[{"count":1,"href":"https:\/\/przedszkole8.pl\/index.php?rest_route=\/wp\/v2\/posts\/10229\/revisions"}],"predecessor-version":[{"id":10230,"href":"https:\/\/przedszkole8.pl\/index.php?rest_route=\/wp\/v2\/posts\/10229\/revisions\/10230"}],"wp:attachment":[{"href":"https:\/\/przedszkole8.pl\/index.php?rest_route=%2Fwp%2Fv2%2Fmedia&parent=10229"}],"wp:term":[{"taxonomy":"category","embeddable":true,"href":"https:\/\/przedszkole8.pl\/index.php?rest_route=%2Fwp%2Fv2%2Fcategories&post=10229"},{"taxonomy":"post_tag","embeddable":true,"href":"https:\/\/przedszkole8.pl\/index.php?rest_route=%2Fwp%2Fv2%2Ftags&post=10229"}],"curies":[{"name":"wp","href":"https:\/\/api.w.org\/{rel}","templated":true}]}}