{"id":10210,"date":"2022-04-21T07:22:57","date_gmt":"2022-04-21T07:22:57","guid":{"rendered":"http:\/\/przedszkole8.pl\/?p=10210"},"modified":"2022-04-22T11:19:06","modified_gmt":"2022-04-22T11:19:06","slug":"potwierdzenie-woli-dla-dzieci-zakwalifikowanych-na-rok-szkolny-20222023","status":"publish","type":"post","link":"https:\/\/przedszkole8.pl\/?p=10210","title":{"rendered":"Potwierdzenie woli dla dzieci zakwalifikowanych na rok szkolny 2022\/2023"},"content":{"rendered":"<p>Dnia 21 kwietnia o godzinie 12:00 w przedsionku przedszkola zostanie wywieszona lista dzieci zakwalifikowanych i niezakwalifikowanych na rok szkolny 2022\/2023. Rodzice dzieci zakwalifikowanych do naszego przedszkola musz\u0105 z\u0142o\u017cy\u0107 <strong>druk potwierdzenia woli<\/strong> do dnia <strong>25 kwietnia br.<\/strong> (tj. do <strong>poniedzia\u0142ku<\/strong>) do godziny <strong>16:00<\/strong>. Mo\u017cna to zrobi\u0107 na r\u00f3\u017cne sposoby:<br \/>\n&#8211; potwierdzaj\u0105c wol\u0119 bezpo\u015brednio w systemie (<a href=\"http:\/\/www.naborp-kandydat.vulcan.net.pl\/gdynia\">http:\/\/www.naborp-kandydat.vulcan.net.pl\/gdynia<\/a>)<br \/>\n&#8211; pobieraj\u0105c druk z systemu (<a href=\"http:\/\/www.naborp-kandydat.vucan.net.pl\/gdynia\">potwierdzenie woli<\/a>)<br \/>\n&#8211; pobieraj\u0105c druk znajduj\u0105cy si\u0119 poni\u017cej<br \/>\n&#8211; bezpo\u015brednio w przedszkolu<br \/>\nDruk pobrany z systemu lub ze strony przedszkola nale\u017cy wydrukowa\u0107, wype\u0142ni\u0107, podpisa\u0107 i przynie\u015b\u0107 do przedszkola lub przes\u0142a\u0107 skan mailem. Niez\u0142o\u017cenie potwierdzenia woli w terminie skutkowa\u0107 b\u0119dzie utrat\u0105 miejsca w przedszkolu.<\/p>\n<p><strong>Zebranie z rodzicami nowoprzyj\u0119tych dzieci odb\u0119dzie si\u0119 dnia 09 czerwca 2022 r. o godzinie 16:00.<\/strong><\/p>\n<p><a href=\"https:\/\/przedszkole8.pl\/wp-content\/uploads\/2022\/04\/Potwierdzenie-woli.docx.pdf\">potwierdzenie-woli-docx<\/a><\/p>\n","protected":false},"excerpt":{"rendered":"<p>Dnia 21 kwietnia o godzinie 12:00 w przedsionku przedszkola zostanie wywieszona lista dzieci zakwalifikowanych i niezakwalifikowanych na rok szkolny 2022\/2023. Rodzice dzieci zakwalifikowanych do naszego przedszkola musz\u0105 z\u0142o\u017cy\u0107 druk potwierdzenia woli do dnia 25 kwietnia br. (tj. do poniedzia\u0142ku) do godziny 16:00. Mo\u017cna to zrobi\u0107 na r\u00f3\u017cne sposoby: &#8211; potwierdzaj\u0105c wol\u0119 bezpo\u015brednio w systemie (http:\/\/www.naborp-kandydat.vulcan.net.pl\/gdynia)<\/p>\n","protected":false},"author":1,"featured_media":0,"comment_status":"closed","ping_status":"closed","sticky":false,"template":"","format":"standard","meta":{"jetpack_post_was_ever_published":false,"_jetpack_newsletter_access":"","_jetpack_dont_email_post_to_subs":true,"_jetpack_newsletter_tier_id":0,"_jetpack_memberships_contains_paywalled_content":false,"_jetpack_memberships_contains_paid_content":false,"footnotes":"","jetpack_publicize_message":"","jetpack_publicize_feature_enabled":true,"jetpack_social_post_already_shared":true,"jetpack_social_options":{"image_generator_settings":{"template":"highway","default_image_id":0,"font":"","enabled":false},"version":2}},"categories":[16],"tags":[],"class_list":["post-10210","post","type-post","status-publish","format-standard","hentry","category-nowosci"],"jetpack_publicize_connections":[],"jetpack_featured_media_url":"","jetpack_sharing_enabled":true,"jetpack_shortlink":"https:\/\/wp.me\/p7NQjT-2EG","jetpack-related-posts":[],"_links":{"self":[{"href":"https:\/\/przedszkole8.pl\/index.php?rest_route=\/wp\/v2\/posts\/10210","targetHints":{"allow":["GET"]}}],"collection":[{"href":"https:\/\/przedszkole8.pl\/index.php?rest_route=\/wp\/v2\/posts"}],"about":[{"href":"https:\/\/przedszkole8.pl\/index.php?rest_route=\/wp\/v2\/types\/post"}],"author":[{"embeddable":true,"href":"https:\/\/przedszkole8.pl\/index.php?rest_route=\/wp\/v2\/users\/1"}],"replies":[{"embeddable":true,"href":"https:\/\/przedszkole8.pl\/index.php?rest_route=%2Fwp%2Fv2%2Fcomments&post=10210"}],"version-history":[{"count":7,"href":"https:\/\/przedszkole8.pl\/index.php?rest_route=\/wp\/v2\/posts\/10210\/revisions"}],"predecessor-version":[{"id":10236,"href":"https:\/\/przedszkole8.pl\/index.php?rest_route=\/wp\/v2\/posts\/10210\/revisions\/10236"}],"wp:attachment":[{"href":"https:\/\/przedszkole8.pl\/index.php?rest_route=%2Fwp%2Fv2%2Fmedia&parent=10210"}],"wp:term":[{"taxonomy":"category","embeddable":true,"href":"https:\/\/przedszkole8.pl\/index.php?rest_route=%2Fwp%2Fv2%2Fcategories&post=10210"},{"taxonomy":"post_tag","embeddable":true,"href":"https:\/\/przedszkole8.pl\/index.php?rest_route=%2Fwp%2Fv2%2Ftags&post=10210"}],"curies":[{"name":"wp","href":"https:\/\/api.w.org\/{rel}","templated":true}]}}