{"id":10205,"date":"2022-04-15T08:41:47","date_gmt":"2022-04-15T08:41:47","guid":{"rendered":"http:\/\/przedszkole8.pl\/?p=10205"},"modified":"2022-04-15T08:41:47","modified_gmt":"2022-04-15T08:41:47","slug":"awaria-czytnika-strefy-gornej","status":"publish","type":"post","link":"https:\/\/przedszkole8.pl\/?p=10205","title":{"rendered":"Awaria czytnika strefy g\u00f3rnej"},"content":{"rendered":"<p>Z powodu awarii czytnika bardzo prosimy o odbijanie Kart Mieszka\u0144ca w czytniku dla strefy dolnej, kt\u00f3ry znajduje si\u0119 w szatni grupy I przy wej\u015bciu do sali Puchatk\u00f3w. Dzi\u0119kujemy.<\/p>\n","protected":false},"excerpt":{"rendered":"<p>Z powodu awarii czytnika bardzo prosimy o odbijanie Kart Mieszka\u0144ca w czytniku dla strefy dolnej, kt\u00f3ry znajduje si\u0119 w szatni grupy I przy wej\u015bciu do sali Puchatk\u00f3w. Dzi\u0119kujemy.<\/p>\n","protected":false},"author":1,"featured_media":0,"comment_status":"closed","ping_status":"closed","sticky":false,"template":"","format":"standard","meta":{"jetpack_post_was_ever_published":false,"_jetpack_newsletter_access":"","_jetpack_dont_email_post_to_subs":false,"_jetpack_newsletter_tier_id":0,"_jetpack_memberships_contains_paywalled_content":false,"_jetpack_memberships_contains_paid_content":false,"footnotes":"","jetpack_publicize_message":"","jetpack_publicize_feature_enabled":true,"jetpack_social_post_already_shared":true,"jetpack_social_options":{"image_generator_settings":{"template":"highway","default_image_id":0,"font":"","enabled":false},"version":2}},"categories":[16],"tags":[],"class_list":["post-10205","post","type-post","status-publish","format-standard","hentry","category-nowosci"],"jetpack_publicize_connections":[],"jetpack_featured_media_url":"","jetpack_sharing_enabled":true,"jetpack_shortlink":"https:\/\/wp.me\/p7NQjT-2EB","jetpack-related-posts":[],"_links":{"self":[{"href":"https:\/\/przedszkole8.pl\/index.php?rest_route=\/wp\/v2\/posts\/10205","targetHints":{"allow":["GET"]}}],"collection":[{"href":"https:\/\/przedszkole8.pl\/index.php?rest_route=\/wp\/v2\/posts"}],"about":[{"href":"https:\/\/przedszkole8.pl\/index.php?rest_route=\/wp\/v2\/types\/post"}],"author":[{"embeddable":true,"href":"https:\/\/przedszkole8.pl\/index.php?rest_route=\/wp\/v2\/users\/1"}],"replies":[{"embeddable":true,"href":"https:\/\/przedszkole8.pl\/index.php?rest_route=%2Fwp%2Fv2%2Fcomments&post=10205"}],"version-history":[{"count":1,"href":"https:\/\/przedszkole8.pl\/index.php?rest_route=\/wp\/v2\/posts\/10205\/revisions"}],"predecessor-version":[{"id":10206,"href":"https:\/\/przedszkole8.pl\/index.php?rest_route=\/wp\/v2\/posts\/10205\/revisions\/10206"}],"wp:attachment":[{"href":"https:\/\/przedszkole8.pl\/index.php?rest_route=%2Fwp%2Fv2%2Fmedia&parent=10205"}],"wp:term":[{"taxonomy":"category","embeddable":true,"href":"https:\/\/przedszkole8.pl\/index.php?rest_route=%2Fwp%2Fv2%2Fcategories&post=10205"},{"taxonomy":"post_tag","embeddable":true,"href":"https:\/\/przedszkole8.pl\/index.php?rest_route=%2Fwp%2Fv2%2Ftags&post=10205"}],"curies":[{"name":"wp","href":"https:\/\/api.w.org\/{rel}","templated":true}]}}