{"id":10178,"date":"2022-04-04T19:03:56","date_gmt":"2022-04-04T19:03:56","guid":{"rendered":"http:\/\/przedszkole8.pl\/?p=10178"},"modified":"2022-04-04T19:03:56","modified_gmt":"2022-04-04T19:03:56","slug":"odprowadzam-sam","status":"publish","type":"post","link":"https:\/\/przedszkole8.pl\/?p=10178","title":{"rendered":"&#8222;Odprowadzam Sam&#8221;"},"content":{"rendered":"<p>Od dzisiaj 04.04\u00a0uczestniczymy w kampanii zach\u0119caj\u0105cej do wzrost aktywno\u015bci w\u015br\u00f3d dzieci\u00a0oraz aby poprawi\u0107 stan \u015brodowiska. Dzi\u015b pierwsze dzieci, kt\u00f3re do przedszkola przysz\u0142y pieszo, przyjecha\u0142y transportem zbiorowym lub na rowerach\/hulajnogach i innym sprz\u0119cie sportowym naklei\u0142y na plakacie &#8222;drzewku&#8221;\u00a0 pierwsze naklejki. Zapoznali\u015bmy si\u0119 z zeszytami \u0107wicze\u0144, kt\u00f3re dostali\u015bmy w ramach projektu i rozwi\u0105zali\u015bmy ju\u017c pierwsze zadania.<a href=\"https:\/\/i0.wp.com\/przedszkole8.pl\/wp-content\/uploads\/2022\/04\/9ECADF1E-966F-4567-BBCF-7B54ECC51B15.jpeg?ssl=1\"><img data-recalc-dims=\"1\" loading=\"lazy\" decoding=\"async\" class=\"alignnone size-large wp-image-10177\" src=\"https:\/\/i0.wp.com\/przedszkole8.pl\/wp-content\/uploads\/2022\/04\/9ECADF1E-966F-4567-BBCF-7B54ECC51B15-1024x768.jpeg?resize=550%2C413&#038;ssl=1\" alt=\"9ecadf1e-966f-4567-bbcf-7b54ecc51b15\" width=\"550\" height=\"413\" \/><\/a> <a href=\"https:\/\/i0.wp.com\/przedszkole8.pl\/wp-content\/uploads\/2022\/04\/BFB0948F-85DB-4BFB-96F0-C89A93416B3A.jpeg?ssl=1\"><img data-recalc-dims=\"1\" loading=\"lazy\" decoding=\"async\" class=\"alignnone size-large wp-image-10176\" src=\"https:\/\/i0.wp.com\/przedszkole8.pl\/wp-content\/uploads\/2022\/04\/BFB0948F-85DB-4BFB-96F0-C89A93416B3A-1024x768.jpeg?resize=550%2C413&#038;ssl=1\" alt=\"bfb0948f-85db-4bfb-96f0-c89a93416b3a\" width=\"550\" height=\"413\" \/><\/a><\/p>\n","protected":false},"excerpt":{"rendered":"<p>Od dzisiaj 04.04\u00a0uczestniczymy w kampanii zach\u0119caj\u0105cej do wzrost aktywno\u015bci w\u015br\u00f3d dzieci\u00a0oraz aby poprawi\u0107 stan \u015brodowiska. Dzi\u015b pierwsze dzieci, kt\u00f3re do przedszkola przysz\u0142y pieszo, przyjecha\u0142y transportem zbiorowym lub na rowerach\/hulajnogach i innym sprz\u0119cie sportowym naklei\u0142y na plakacie &#8222;drzewku&#8221;\u00a0 pierwsze naklejki. Zapoznali\u015bmy si\u0119 z zeszytami \u0107wicze\u0144, kt\u00f3re dostali\u015bmy w ramach projektu i rozwi\u0105zali\u015bmy ju\u017c pierwsze zadania.<\/p>\n","protected":false},"author":25,"featured_media":0,"comment_status":"closed","ping_status":"closed","sticky":false,"template":"","format":"standard","meta":{"jetpack_post_was_ever_published":false,"_jetpack_newsletter_access":"","_jetpack_dont_email_post_to_subs":false,"_jetpack_newsletter_tier_id":0,"_jetpack_memberships_contains_paywalled_content":false,"_jetpack_memberships_contains_paid_content":false,"footnotes":"","jetpack_publicize_message":"","jetpack_publicize_feature_enabled":true,"jetpack_social_post_already_shared":true,"jetpack_social_options":{"image_generator_settings":{"template":"highway","default_image_id":0,"font":"","enabled":false},"version":2}},"categories":[35],"tags":[],"class_list":["post-10178","post","type-post","status-publish","format-standard","hentry","category-gumisie-2021-2022"],"jetpack_publicize_connections":[],"jetpack_featured_media_url":"","jetpack_sharing_enabled":true,"jetpack_shortlink":"https:\/\/wp.me\/p7NQjT-2Ea","jetpack-related-posts":[],"_links":{"self":[{"href":"https:\/\/przedszkole8.pl\/index.php?rest_route=\/wp\/v2\/posts\/10178","targetHints":{"allow":["GET"]}}],"collection":[{"href":"https:\/\/przedszkole8.pl\/index.php?rest_route=\/wp\/v2\/posts"}],"about":[{"href":"https:\/\/przedszkole8.pl\/index.php?rest_route=\/wp\/v2\/types\/post"}],"author":[{"embeddable":true,"href":"https:\/\/przedszkole8.pl\/index.php?rest_route=\/wp\/v2\/users\/25"}],"replies":[{"embeddable":true,"href":"https:\/\/przedszkole8.pl\/index.php?rest_route=%2Fwp%2Fv2%2Fcomments&post=10178"}],"version-history":[{"count":2,"href":"https:\/\/przedszkole8.pl\/index.php?rest_route=\/wp\/v2\/posts\/10178\/revisions"}],"predecessor-version":[{"id":10180,"href":"https:\/\/przedszkole8.pl\/index.php?rest_route=\/wp\/v2\/posts\/10178\/revisions\/10180"}],"wp:attachment":[{"href":"https:\/\/przedszkole8.pl\/index.php?rest_route=%2Fwp%2Fv2%2Fmedia&parent=10178"}],"wp:term":[{"taxonomy":"category","embeddable":true,"href":"https:\/\/przedszkole8.pl\/index.php?rest_route=%2Fwp%2Fv2%2Fcategories&post=10178"},{"taxonomy":"post_tag","embeddable":true,"href":"https:\/\/przedszkole8.pl\/index.php?rest_route=%2Fwp%2Fv2%2Ftags&post=10178"}],"curies":[{"name":"wp","href":"https:\/\/api.w.org\/{rel}","templated":true}]}}