{"id":10170,"date":"2022-04-04T18:49:27","date_gmt":"2022-04-04T18:49:27","guid":{"rendered":"http:\/\/przedszkole8.pl\/?p=10170"},"modified":"2022-04-04T18:49:27","modified_gmt":"2022-04-04T18:49:27","slug":"pogromcy-liczb","status":"publish","type":"post","link":"https:\/\/przedszkole8.pl\/?p=10170","title":{"rendered":"Pogromcy liczb"},"content":{"rendered":"<p>W ostatnim tygodniu marca realizowali\u015bmy Tydzie\u0144 Matematyczny. Dzieci dzielnie podejmowa\u0142y wyzwania matematyczne. Uczy\u0142y si\u0119 liczebnik\u00f3w g\u0142\u00f3wnych, porz\u0105dkowych, dodawania i odejmowania, przeliczania obiekt\u00f3w oraz poj\u0119\u0107 matematycznych. Za w\u0142o\u017cony wysi\u0142ek i wytrwa\u0142o\u015b\u0107 w podejmowanych dzia\u0142aniach zosta\u0142y nagrodzone dyplomami. Gratuluj\u0119!!<\/p>\n","protected":false},"excerpt":{"rendered":"<p>W ostatnim tygodniu marca realizowali\u015bmy Tydzie\u0144 Matematyczny. Dzieci dzielnie podejmowa\u0142y wyzwania matematyczne. Uczy\u0142y si\u0119 liczebnik\u00f3w g\u0142\u00f3wnych, porz\u0105dkowych, dodawania i odejmowania, przeliczania obiekt\u00f3w oraz poj\u0119\u0107 matematycznych. Za w\u0142o\u017cony wysi\u0142ek i wytrwa\u0142o\u015b\u0107 w podejmowanych dzia\u0142aniach zosta\u0142y nagrodzone dyplomami. Gratuluj\u0119!!<\/p>\n","protected":false},"author":25,"featured_media":0,"comment_status":"closed","ping_status":"closed","sticky":false,"template":"","format":"standard","meta":{"jetpack_post_was_ever_published":false,"_jetpack_newsletter_access":"","_jetpack_dont_email_post_to_subs":false,"_jetpack_newsletter_tier_id":0,"_jetpack_memberships_contains_paywalled_content":false,"_jetpack_memberships_contains_paid_content":false,"footnotes":"","jetpack_publicize_message":"","jetpack_publicize_feature_enabled":true,"jetpack_social_post_already_shared":true,"jetpack_social_options":{"image_generator_settings":{"template":"highway","default_image_id":0,"font":"","enabled":false},"version":2}},"categories":[35],"tags":[],"class_list":["post-10170","post","type-post","status-publish","format-standard","hentry","category-gumisie-2021-2022"],"jetpack_publicize_connections":[],"jetpack_featured_media_url":"","jetpack_sharing_enabled":true,"jetpack_shortlink":"https:\/\/wp.me\/p7NQjT-2E2","jetpack-related-posts":[],"_links":{"self":[{"href":"https:\/\/przedszkole8.pl\/index.php?rest_route=\/wp\/v2\/posts\/10170","targetHints":{"allow":["GET"]}}],"collection":[{"href":"https:\/\/przedszkole8.pl\/index.php?rest_route=\/wp\/v2\/posts"}],"about":[{"href":"https:\/\/przedszkole8.pl\/index.php?rest_route=\/wp\/v2\/types\/post"}],"author":[{"embeddable":true,"href":"https:\/\/przedszkole8.pl\/index.php?rest_route=\/wp\/v2\/users\/25"}],"replies":[{"embeddable":true,"href":"https:\/\/przedszkole8.pl\/index.php?rest_route=%2Fwp%2Fv2%2Fcomments&post=10170"}],"version-history":[{"count":2,"href":"https:\/\/przedszkole8.pl\/index.php?rest_route=\/wp\/v2\/posts\/10170\/revisions"}],"predecessor-version":[{"id":10173,"href":"https:\/\/przedszkole8.pl\/index.php?rest_route=\/wp\/v2\/posts\/10170\/revisions\/10173"}],"wp:attachment":[{"href":"https:\/\/przedszkole8.pl\/index.php?rest_route=%2Fwp%2Fv2%2Fmedia&parent=10170"}],"wp:term":[{"taxonomy":"category","embeddable":true,"href":"https:\/\/przedszkole8.pl\/index.php?rest_route=%2Fwp%2Fv2%2Fcategories&post=10170"},{"taxonomy":"post_tag","embeddable":true,"href":"https:\/\/przedszkole8.pl\/index.php?rest_route=%2Fwp%2Fv2%2Ftags&post=10170"}],"curies":[{"name":"wp","href":"https:\/\/api.w.org\/{rel}","templated":true}]}}